{"id":9050,"date":"2022-06-13T23:56:47","date_gmt":"2022-06-13T22:56:47","guid":{"rendered":"https:\/\/hbg-koeln.de\/?p=9050"},"modified":"2022-06-18T20:47:37","modified_gmt":"2022-06-18T19:47:37","slug":"die-6-3-interviewt-einen-zeitzeugen","status":"publish","type":"post","link":"https:\/\/hbg-koeln.de\/?p=9050","title":{"rendered":"<b>Die 6.3 interviewt einen Zeitzeugen<\/b>"},"content":{"rendered":"\n<p>Im Rahmen des Unterrichtsvorhabens \u201eAufbrechen, Ankommen, Bleiben? \u2013 Flucht: Wege ins Ungewisse\u201c&nbsp;durfte die Klasse 6.3 im GL-Unterricht eine unvergessliche Erfahrung machen. Sie lud Herr Khder, einen Lehrer unserer Schule zu einem Interview ein, in dem Herr Khder von seiner eigenen Flucht nach Deutschland erz\u00e4hlte.<a href=\"http:\/\/hbg-koeln.de\/wp-content\/uploads\/2022\/06\/Zeitzeugen-Kl6_2022.jpg\"><img loading=\"lazy\" decoding=\"async\" class=\"alignleft size-medium wp-image-9079\" src=\"http:\/\/hbg-koeln.de\/wp-content\/uploads\/2022\/06\/Zeitzeugen-Kl6_2022-225x300.jpg\" alt=\"\" width=\"225\" height=\"300\" srcset=\"https:\/\/hbg-koeln.de\/wp-content\/uploads\/2022\/06\/Zeitzeugen-Kl6_2022-225x300.jpg 225w, https:\/\/hbg-koeln.de\/wp-content\/uploads\/2022\/06\/Zeitzeugen-Kl6_2022-768x1024.jpg 768w, https:\/\/hbg-koeln.de\/wp-content\/uploads\/2022\/06\/Zeitzeugen-Kl6_2022-1152x1536.jpg 1152w, https:\/\/hbg-koeln.de\/wp-content\/uploads\/2022\/06\/Zeitzeugen-Kl6_2022.jpg 1512w\" sizes=\"auto, (max-width: 225px) 100vw, 225px\" \/><\/a><\/p>\n<p>\u201eWir in der Klasse 6.3 haben den lieben Herr Khder zu einem Interview in unsere Klasse eingeladen, um zu erfahren, wie seine Flucht aus dem Irak abgelaufen ist. Ich war sehr geschockt und \u00fcberrascht, was er alles durch machen musste. Er hat uns erz\u00e4hlt, dass er zwei Monate lang zu Fu\u00df nach Deutschland gefl\u00fcchtet ist. Sein Schlafplatz war der Boden und er musste aus Pf\u00fctzen trinken und Bl\u00e4tter essen. Diese Aussage hat mich an seiner Geschichte am meisten geschockt. Einige unserer Fragen wollte Herr Khder nicht beantworten, das konnten wir gut verstehen. Mittlerweile lebt er seit 5 Jahren in Deutschland und beherrscht unsere Sprache wirklich sehr gut. Mich freut sehr, dass Herr Khder jetzt hier bei uns in Frieden lebt.\u201c<\/p>\n<p>Maxim Guz Klasse 6.3<\/p>\n<p>\u201eIch bin begeistert davon, dass Herr Khder seine Flucht geschafft hat! Er hatte nur seinen Pass, sonst nichts. Kein Essen, kein Trinken, keine frische Kleidung. In unserer Fragerunde haben wir viel \u00fcber ihn erfahren d\u00fcrfen, z.B. das jetzt auch seine Familie in Deutschland lebt. In seiner Heimat hatte er ein Auto, ein Haus und viele Sachen, die er manchmal vermisst. Es ist wirklich etwas anderes, als w\u00fcrde man so eine Geschichte in einem Buch lesen. Ich meine, wir hatten einen echten Menschen vor uns, der unsere Fragen beantwortet hat und seine Geschichte mit uns geteilt hat.\u201c<!--moreWeiterlesen--><\/p>\n<p>Fabio Buonvolere Klasse 6.3<\/p>\n<p>Vielen Dank an Herr Khder, dass er so offen und herzlich der Einladung zu unserem Interview gefolgt ist!<\/p>\n","protected":false},"excerpt":{"rendered":"<p>Im Rahmen des Unterrichtsvorhabens \u201eAufbrechen, Ankommen, Bleiben? \u2013 Flucht: Wege ins Ungewisse\u201c&nbsp;durfte die Klasse 6.3 im GL-Unterricht eine unvergessliche Erfahrung machen. Sie lud Herr Khder, einen Lehrer unserer Schule zu einem Interview ein, in dem Herr<a class=\"moretag\" href=\"https:\/\/hbg-koeln.de\/?p=9050\">Read More&#8230;<\/a><\/p>\n","protected":false},"author":11,"featured_media":0,"comment_status":"closed","ping_status":"open","sticky":false,"template":"","format":"standard","meta":{"ngg_post_thumbnail":0,"footnotes":""},"categories":[1],"tags":[],"class_list":["post-9050","post","type-post","status-publish","format-standard","hentry","category-allgemein"],"_links":{"self":[{"href":"https:\/\/hbg-koeln.de\/index.php?rest_route=\/wp\/v2\/posts\/9050","targetHints":{"allow":["GET"]}}],"collection":[{"href":"https:\/\/hbg-koeln.de\/index.php?rest_route=\/wp\/v2\/posts"}],"about":[{"href":"https:\/\/hbg-koeln.de\/index.php?rest_route=\/wp\/v2\/types\/post"}],"author":[{"embeddable":true,"href":"https:\/\/hbg-koeln.de\/index.php?rest_route=\/wp\/v2\/users\/11"}],"replies":[{"embeddable":true,"href":"https:\/\/hbg-koeln.de\/index.php?rest_route=%2Fwp%2Fv2%2Fcomments&post=9050"}],"version-history":[{"count":4,"href":"https:\/\/hbg-koeln.de\/index.php?rest_route=\/wp\/v2\/posts\/9050\/revisions"}],"predecessor-version":[{"id":9113,"href":"https:\/\/hbg-koeln.de\/index.php?rest_route=\/wp\/v2\/posts\/9050\/revisions\/9113"}],"wp:attachment":[{"href":"https:\/\/hbg-koeln.de\/index.php?rest_route=%2Fwp%2Fv2%2Fmedia&parent=9050"}],"wp:term":[{"taxonomy":"category","embeddable":true,"href":"https:\/\/hbg-koeln.de\/index.php?rest_route=%2Fwp%2Fv2%2Fcategories&post=9050"},{"taxonomy":"post_tag","embeddable":true,"href":"https:\/\/hbg-koeln.de\/index.php?rest_route=%2Fwp%2Fv2%2Ftags&post=9050"}],"curies":[{"name":"wp","href":"https:\/\/api.w.org\/{rel}","templated":true}]}}