{"id":910,"date":"2012-11-11T17:18:05","date_gmt":"2012-11-11T15:18:05","guid":{"rendered":"http:\/\/hbg-koeln.de\/?p=910"},"modified":"2012-11-27T19:16:44","modified_gmt":"2012-11-27T17:16:44","slug":"tag-der-offenen-tur-fur-die-gymnasiale-oberstufe","status":"publish","type":"post","link":"https:\/\/hbg-koeln.de\/?p=910","title":{"rendered":"Tag der offenen T\u00fcr f\u00fcr die Gymnasiale Oberstufe"},"content":{"rendered":"<p style=\"text-align: center;\" lang=\"de-DE\"><span style=\"color: #000000;\"><span style=\"font-family: Arial,sans-serif;\"><span style=\"font-size: large;\"><strong>Tag der offenen T\u00fcr<\/strong><\/span><\/span><\/span><\/p>\n<p style=\"text-align: center;\" lang=\"de-DE\"><span style=\"color: #000000;\"><span style=\"font-family: Arial,sans-serif;\"><span style=\"font-size: large;\"><strong>f\u00fcr InteressentInnen an unserer Gymnasialen Oberstufe<\/strong><\/span><\/span><\/span><\/p>\n<p><span style=\"font-family: Arial,sans-serif;\"><span style=\"font-size: small;\">Denk dran!<\/span><\/span><\/p>\n<p><span style=\"font-family: Arial,sans-serif;\"><span style=\"font-size: small;\">Deine Schulzeit ist bald zu Ende!<\/span><\/span><\/p>\n<p><span style=\"font-family: Arial,sans-serif;\"><span style=\"font-size: small;\">Was machst du im n\u00e4chsten Jahr zu dieser Zeit?<\/span><\/span><\/p>\n<p><span style=\"font-family: Arial,sans-serif;\"><span style=\"font-size: small;\">Wirst du als Auszubildender im Berufsleben stehen?<\/span><\/span><\/p>\n<p><span style=\"font-family: Arial,sans-serif;\"><span style=\"font-size: small;\">Oder willst du dich auf einer anderen Schule weiter bilden, damit du im sp\u00e4teren Beruf vielleicht bessere Chancen hast?<\/span><\/span><\/p>\n<p><span style=\"font-family: Arial,sans-serif;\"><span style=\"font-size: small;\">Vielleicht ist unsere Schule f\u00fcr dich geeignet! <\/span><\/span><\/p>\n<p><span style=\"font-family: Arial,sans-serif;\"><span style=\"font-size: small;\">Hier kannst du, wenn du die Voraussetzungen erf\u00fcllst, die <a title=\"Anmeldung Oberstufe\" href=\"http:\/\/hbg-koeln.de\/?p=889\">Einf\u00fchrungsphase<\/a> und die Qualifikationsphasen (Stufen 11 bis 13) der gymnasialen Oberstufe besuchen.<\/span><\/span><\/p>\n<p>&nbsp;<\/p>\n<p style=\"text-align: center;\"><span style=\"font-family: Arial,sans-serif;\"><span style=\"font-size: large;\"><strong>Ziel ist die Allgemeine Hochschulreife \u2013 das Abitur <\/strong><\/span><\/span><\/p>\n<p>&nbsp;<\/p>\n<p><span style=\"font-family: Comic Sans MS,cursive;\"><span style=\"font-size: large;\"><strong><span style=\"font-family: Arial,sans-serif;\"><span style=\"font-size: large;\">Wir laden dich zu einer Pr\u00e4sentation unserer Oberstufe<br \/>\nam Samstag, den 1.Dezember 2012, 11:00 Uhr,<br \/>\nim Oberstufenzentrum unserer Schule ein.<\/span><\/span><\/strong><\/span><\/span><\/p>\n<p><span style=\"font-family: Arial,sans-serif;\"><span style=\"font-size: small;\">Wir wollen dir darstellen,<\/span><\/span><\/p>\n<ul>\n<li><span style=\"font-family: Arial,sans-serif;\"><span style=\"font-size: small;\">wie unsere Oberstufe gestaltet ist, <\/span><\/span><\/li>\n<li><span style=\"font-family: Arial,sans-serif;\"><span style=\"font-size: small;\">welche F\u00e4cher und Projekte wir anbieten,<\/span><\/span><\/li>\n<li><span style=\"font-family: Arial,sans-serif;\"><span style=\"font-size: small;\">mit welchen Methoden wir lehren und lernen,<\/span><\/span><\/li>\n<li><span style=\"font-family: Arial,sans-serif;\"><span style=\"font-size: small;\">welche Voraussetzungen du erf\u00fcllen solltest, damit du in der Oberstufe erfolgreich bist.<\/span><\/span><\/li>\n<\/ul>\n<p><span style=\"font-family: Arial,sans-serif;\"><span style=\"font-size: small;\">Wir w\u00fcrden uns freuen, wenn wir dich begr\u00fc\u00dfen &#8211; und dir unser Bildungsangebot erl\u00e4utern k\u00f6nnen. <\/span><\/span><\/p>\n<p><span style=\"font-family: Arial,sans-serif;\"><span style=\"font-size: small;\">D. Martin<\/span><\/span><\/p>\n","protected":false},"excerpt":{"rendered":"<p>Tag der offenen T\u00fcr f\u00fcr InteressentInnen an unserer Gymnasialen Oberstufe Denk dran! Deine Schulzeit ist bald zu Ende! Was machst du im n\u00e4chsten Jahr zu dieser Zeit? Wirst du als Auszubildender im Berufsleben stehen? Oder willst<a class=\"moretag\" href=\"https:\/\/hbg-koeln.de\/?p=910\">Read More&#8230;<\/a><\/p>\n","protected":false},"author":11,"featured_media":0,"comment_status":"closed","ping_status":"open","sticky":false,"template":"","format":"standard","meta":{"ngg_post_thumbnail":0,"footnotes":""},"categories":[1],"tags":[],"class_list":["post-910","post","type-post","status-publish","format-standard","hentry","category-allgemein"],"_links":{"self":[{"href":"https:\/\/hbg-koeln.de\/index.php?rest_route=\/wp\/v2\/posts\/910","targetHints":{"allow":["GET"]}}],"collection":[{"href":"https:\/\/hbg-koeln.de\/index.php?rest_route=\/wp\/v2\/posts"}],"about":[{"href":"https:\/\/hbg-koeln.de\/index.php?rest_route=\/wp\/v2\/types\/post"}],"author":[{"embeddable":true,"href":"https:\/\/hbg-koeln.de\/index.php?rest_route=\/wp\/v2\/users\/11"}],"replies":[{"embeddable":true,"href":"https:\/\/hbg-koeln.de\/index.php?rest_route=%2Fwp%2Fv2%2Fcomments&post=910"}],"version-history":[{"count":13,"href":"https:\/\/hbg-koeln.de\/index.php?rest_route=\/wp\/v2\/posts\/910\/revisions"}],"predecessor-version":[{"id":920,"href":"https:\/\/hbg-koeln.de\/index.php?rest_route=\/wp\/v2\/posts\/910\/revisions\/920"}],"wp:attachment":[{"href":"https:\/\/hbg-koeln.de\/index.php?rest_route=%2Fwp%2Fv2%2Fmedia&parent=910"}],"wp:term":[{"taxonomy":"category","embeddable":true,"href":"https:\/\/hbg-koeln.de\/index.php?rest_route=%2Fwp%2Fv2%2Fcategories&post=910"},{"taxonomy":"post_tag","embeddable":true,"href":"https:\/\/hbg-koeln.de\/index.php?rest_route=%2Fwp%2Fv2%2Ftags&post=910"}],"curies":[{"name":"wp","href":"https:\/\/api.w.org\/{rel}","templated":true}]}}