{"id":9116,"date":"2022-06-18T20:51:22","date_gmt":"2022-06-18T19:51:22","guid":{"rendered":"https:\/\/hbg-koeln.de\/?p=9116"},"modified":"2022-06-18T20:51:22","modified_gmt":"2022-06-18T19:51:22","slug":"auf-den-spuren-der-roemer","status":"publish","type":"post","link":"https:\/\/hbg-koeln.de\/?p=9116","title":{"rendered":"<b>Auf den Spuren der R\u00f6mer<\/b>"},"content":{"rendered":"\n<p><b><span data-contrast=\"auto\">Auf den Spuren der R\u00f6mer durch die Colonia Ulpia Traiana \u2013 wir besuchen den Arch\u00e4ologischen Park in Xanten!<\/span><\/b><span data-ccp-props=\"{&quot;201341983&quot;:0,&quot;335551550&quot;:6,&quot;335551620&quot;:6,&quot;335559739&quot;:200,&quot;335559740&quot;:276}\">&nbsp;<\/span><\/p>\n<p><span data-contrast=\"auto\"><a href=\"http:\/\/hbg-koeln.de\/wp-content\/uploads\/2022\/06\/xanten22-scaled.jpg\"><img loading=\"lazy\" decoding=\"async\" class=\"alignleft  wp-image-9117\" src=\"http:\/\/hbg-koeln.de\/wp-content\/uploads\/2022\/06\/xanten22-300x169.jpg\" alt=\"\" width=\"188\" height=\"106\" srcset=\"https:\/\/hbg-koeln.de\/wp-content\/uploads\/2022\/06\/xanten22-300x169.jpg 300w, https:\/\/hbg-koeln.de\/wp-content\/uploads\/2022\/06\/xanten22-1024x576.jpg 1024w, https:\/\/hbg-koeln.de\/wp-content\/uploads\/2022\/06\/xanten22-768x432.jpg 768w, https:\/\/hbg-koeln.de\/wp-content\/uploads\/2022\/06\/xanten22-1536x864.jpg 1536w, https:\/\/hbg-koeln.de\/wp-content\/uploads\/2022\/06\/xanten22-2048x1152.jpg 2048w\" sizes=\"auto, (max-width: 188px) 100vw, 188px\" \/><\/a>Lange, lange haben wir sie entbehrt \u2013 die au\u00dferschulischen Lernorte. Denn diese waren aufgrund der Corona-Pandemie f\u00fcr lange Zeit g\u00e4nzlich Tabu und ihre motivierende, inspirierende Wirkkraft uns damit versagt. Dies hat sich jetzt zum Gl\u00fcck&nbsp; &#8211; zumindest vorerst \u2013 ge\u00e4ndert. Und so waren wir sehr froh, am 14. Juni 2022, den Arch\u00e4ologischen Park Xanten (APX) besuchen zu k\u00f6nnen. Wir \u2013 das sind alle Lateinkurse der Heinrich-B\u00f6ll-Gesamtschule.<\/span><span data-ccp-props=\"{&quot;201341983&quot;:0,&quot;335551550&quot;:6,&quot;335551620&quot;:6,&quot;335559739&quot;:200,&quot;335559740&quot;:276}\">&nbsp;<\/span><!--moreWeiterlesen--><\/p>\n<p><span data-contrast=\"auto\">Der APX, der \u00fcber der fr\u00fcheren Colonia Ulpia Traiana &#8211; und damit \u00fcber einer der bedeutendsten r\u00f6mischen Siedlungen Deutschlands &#8211; erbaut&nbsp; wurde, empfing uns bei sch\u00f6nstem Sommerwetter mit all seinen Attraktionen.<\/span><span data-ccp-props=\"{&quot;201341983&quot;:0,&quot;335551550&quot;:6,&quot;335551620&quot;:6,&quot;335559739&quot;:200,&quot;335559740&quot;:276}\">&nbsp;<\/span><\/p>\n<p><span data-contrast=\"auto\">Durch das imposante Tor der teilrekonstruierten r\u00f6mischen Stadtmauer ging es auf eine spannende Zeitreise direkt in die Antike. Vorbei am beeindruckenden Hafentempel begaben wir uns vorbei an den mit Gras bepflanzten Insulae (den quadratisch angelegten r\u00f6mischen Stadtvierteln) zum Amphitheater, in dessen N\u00e4he wir unseren Guide trafen und mit einer interessanten Parkf\u00fchrung starteten, welche uns alle Bauwerke des APX in Aufbau und Funktion erschlie\u00dfen sollte. So besuchten wir beispielsweise die beiden originalgetreu rekonstruierten r\u00f6mischen Handwerksh\u00e4user, die uns einen Eindruck von den Gewerben der Knochenschnitzer und Schuster vermittelten, warfen einen Blick auf den Teil eines r\u00f6mischen Aqu\u00e4dukts, einen Meilenstein und r\u00f6mische Grabsteine, lie\u00dfen uns von der r\u00f6mischen Herberge mit ihren bezaubernden kleinen Thermen gefangen nehmen und erhielten dabei ein Gesp\u00fcr f\u00fcr die \u00c4sthetik und Sch\u00f6nheit r\u00f6mischer Inneneinrichtung und Badekultur. Letzteres wurde nur noch getoppt durch den sich anschlie\u00dfenden Besuch des Museumsensembles des LVR-R\u00f6mermuseums mit seinem Thermenschutzbau bzw. den gro\u00dfen Thermen, deren architektonische Dimensionen uns neben den \u00dcberresten der Fu\u00dfbodenheizung (Hypocaustum) besonders beeindruckten. Das&nbsp; detaillierte Thermenmodell gab uns Aufschluss \u00fcber Struktur, Aufbau und Funktion der verschiedenen R\u00e4umlichkeiten und Badem\u00f6glichkeiten innerhalb der Thermen, die eben so viel mehr waren, als nur ein \u201eWellness-Center\u201c, das eine \u201emens sana in corpore sano\u201c schaffen sollte,&nbsp; waren die Thermen doch auch und vor allem ein bedeutendes Forum des sozialen, kulturellen und nicht zuletzt politischen Netzwerkens.&nbsp;<\/span><span data-ccp-props=\"{&quot;201341983&quot;:0,&quot;335551550&quot;:6,&quot;335551620&quot;:6,&quot;335559739&quot;:200,&quot;335559740&quot;:276}\">&nbsp;<\/span><\/p>\n<p><span data-contrast=\"auto\">Im Cafe der pittoresken Windm\u00fchle, die sich &#8211; ein wenig skurril anmutend inmitten der sie umgebenden \u201eAltert\u00fcmer\u201c &#8211; tapfer behauptet, hatten wir noch Gelegenheit zur Entspannung mit Blick \u00fcber die quadratisch angelegten Stra\u00dfennetze der Parkanlage, deren Flair uns vollauf begeisterte und uns wieder einmal deutlich machte, dass es genau solcher Begegnungsst\u00e4tten mit der Vergangenheit bedarf, um Lateinunterricht durch den lebendigen Bezug zur Antike zu bereichern und historische Kommunikation nachhaltiger anzulegen, als es die reine unterrichtliche Reflexion von Texten zu erm\u00f6glichen vermag.<\/span><span data-ccp-props=\"{&quot;201341983&quot;:0,&quot;335551550&quot;:6,&quot;335551620&quot;:6,&quot;335559739&quot;:200,&quot;335559740&quot;:276}\">&nbsp;<\/span><\/p>\n<p><span data-contrast=\"auto\">Und so sind wir nach unserem pandemiebedingten langen Aufenthalt in vornehmlich sterilen virtuellen R\u00e4umen umso dankbarer f\u00fcr diese tolle Exkursion in die Antike \u2013 live, in Farbe und face to face!&nbsp;<\/span><span data-ccp-props=\"{&quot;201341983&quot;:0,&quot;335551550&quot;:6,&quot;335551620&quot;:6,&quot;335559739&quot;:200,&quot;335559740&quot;:276}\">&nbsp;<\/span><\/p>\n<p><span data-contrast=\"auto\">Anny Papaphilippu&nbsp;<\/span><span data-ccp-props=\"{&quot;201341983&quot;:0,&quot;335551550&quot;:6,&quot;335551620&quot;:6,&quot;335559739&quot;:200,&quot;335559740&quot;:276}\">&nbsp;<\/span><\/p>\n","protected":false},"excerpt":{"rendered":"<p>Auf den Spuren der R\u00f6mer durch die Colonia Ulpia Traiana \u2013 wir besuchen den Arch\u00e4ologischen Park in Xanten!&nbsp; Lange, lange haben wir sie entbehrt \u2013 die au\u00dferschulischen Lernorte. Denn diese waren aufgrund der Corona-Pandemie f\u00fcr lange<a class=\"moretag\" href=\"https:\/\/hbg-koeln.de\/?p=9116\">Read More&#8230;<\/a><\/p>\n","protected":false},"author":11,"featured_media":0,"comment_status":"closed","ping_status":"open","sticky":false,"template":"","format":"standard","meta":{"ngg_post_thumbnail":0,"footnotes":""},"categories":[1],"tags":[],"class_list":["post-9116","post","type-post","status-publish","format-standard","hentry","category-allgemein"],"_links":{"self":[{"href":"https:\/\/hbg-koeln.de\/index.php?rest_route=\/wp\/v2\/posts\/9116","targetHints":{"allow":["GET"]}}],"collection":[{"href":"https:\/\/hbg-koeln.de\/index.php?rest_route=\/wp\/v2\/posts"}],"about":[{"href":"https:\/\/hbg-koeln.de\/index.php?rest_route=\/wp\/v2\/types\/post"}],"author":[{"embeddable":true,"href":"https:\/\/hbg-koeln.de\/index.php?rest_route=\/wp\/v2\/users\/11"}],"replies":[{"embeddable":true,"href":"https:\/\/hbg-koeln.de\/index.php?rest_route=%2Fwp%2Fv2%2Fcomments&post=9116"}],"version-history":[{"count":1,"href":"https:\/\/hbg-koeln.de\/index.php?rest_route=\/wp\/v2\/posts\/9116\/revisions"}],"predecessor-version":[{"id":9118,"href":"https:\/\/hbg-koeln.de\/index.php?rest_route=\/wp\/v2\/posts\/9116\/revisions\/9118"}],"wp:attachment":[{"href":"https:\/\/hbg-koeln.de\/index.php?rest_route=%2Fwp%2Fv2%2Fmedia&parent=9116"}],"wp:term":[{"taxonomy":"category","embeddable":true,"href":"https:\/\/hbg-koeln.de\/index.php?rest_route=%2Fwp%2Fv2%2Fcategories&post=9116"},{"taxonomy":"post_tag","embeddable":true,"href":"https:\/\/hbg-koeln.de\/index.php?rest_route=%2Fwp%2Fv2%2Ftags&post=9116"}],"curies":[{"name":"wp","href":"https:\/\/api.w.org\/{rel}","templated":true}]}}