{"id":9154,"date":"2022-06-30T21:03:28","date_gmt":"2022-06-30T20:03:28","guid":{"rendered":"https:\/\/hbg-koeln.de\/?p=9154"},"modified":"2024-01-08T23:42:45","modified_gmt":"2024-01-08T22:42:45","slug":"cursum-perfecimus-wir-haben-unser-latinum","status":"publish","type":"post","link":"https:\/\/hbg-koeln.de\/?p=9154","title":{"rendered":"<b>Cursum perfecimus \u2013 wir haben unser LATINUM!\u00a0<\/b>"},"content":{"rendered":"\r\n<p><span data-contrast=\"auto\">Es war ein ganz sch\u00f6nes St\u00fcck Arbeit, gepr\u00e4gt vom st\u00e4ndigen Auf und Ab des Online -,Wechsel- , und Pr\u00e4senzunterrichts &#8211; die letzten Etappen auf dem Weg zum Latinum gestalteten sich wahrlich nicht einfach, doch jetzt &#8211; zum Ende der Q1 hin &#8211; haben wir es errungen: Unser Latinum, das f\u00fcr uns mehr ist als nur eine Urkunde, die bestimmte kriterienkonforme Kenntnisse des Lateinischen belegt.&nbsp;<\/span><span data-ccp-props=\"{&quot;201341983&quot;:0,&quot;335559739&quot;:200,&quot;335559740&quot;:276}\">&nbsp;<\/span><\/p>\r\n<p><span data-contrast=\"auto\">Vielmehr dokumentiert das Latinum &#8211; hart erarbeitet <\/span><i><span data-contrast=\"auto\">in peste corona<\/span><\/i><span data-contrast=\"auto\"> &#8211; ein konsequentes Durchhalten, ein Bei &#8211; der Sache &#8211; Bleiben trotz beunruhigender und oftmals schwierig zu handhabender&nbsp; Rahmenbedingungen, ein Sich &#8211; Durchbei\u00dfen, grammatikalisch, inhaltlich und auch angesichts aller externer Imponderabilien. Zudem konnte sich in unserem kleinen Kurs von gerade einmal f\u00fcnf Mann trotz Maske niemand verstecken. Jeder musste liefern, auch wenn er einmal nicht \u201ewell prepared\u201c war (was des \u00d6fteren zutraf).<\/span><span data-ccp-props=\"{&quot;201341983&quot;:0,&quot;335559739&quot;:200,&quot;335559740&quot;:276}\">&nbsp;<\/span><!--moreWeiterlesen--><\/p>\r\n<p><span data-contrast=\"auto\">Zuletzt unternahmen wir tapfer eine Reise durch Ovids Metamorphosen und Senecas epistulae morales, denen wir spannende Bez\u00fcge des existenziellen Transfers (\u201eH\u00e4tten wir nicht gedacht, dass sich der Mythos von Apoll und Daphne mit der ME TOO Debatte verkn\u00fcpfen l\u00e4sst und die lykischen Bauern tats\u00e4chlich eine Relevanz mit Blick auf das Thema Menschenrechte haben!\u201c) und sogar ein wenig Affektkontrolle und Agieren <\/span><i><span data-contrast=\"auto\">aequo animo<\/span><\/i><span data-contrast=\"auto\"> im Sinne Senecas verdanken ( Standbilder werden ohne Lachanf\u00e4lle \u201eperformed\u201c und wenn nach vier Stunden des Cuttens der lateinische Podcast pl\u00f6tzlich gel\u00f6scht ist, machen wir ihn stoisch einfach neu.).<\/span><span data-ccp-props=\"{&quot;201341983&quot;:0,&quot;335559739&quot;:200,&quot;335559740&quot;:276}\">&nbsp;<\/span><\/p>\r\n<p><span data-contrast=\"auto\">Zugegeben: Es war nicht immer einfach, wir haben uns <\/span><i><span data-contrast=\"auto\">summo cum labore<\/span><\/i><span data-contrast=\"auto\"> doch auch gequ\u00e4lt und nicht selten d\u00e4mmerte uns, dass Grammatikwiederholung in der Lekt\u00fcrephase vielleicht doch nicht so verkehrt ist, denn&nbsp; &#8211; \u201eupps, hmm, das mit dem ablativus absolutus hatten wir ja irgendwann mal besprochen und Sie hatten gemeint, dass das f\u00fcr die Lekt\u00fcre wichtig ist\u2026sei\u201c.&nbsp;<\/span><span data-ccp-props=\"{&quot;201341983&quot;:0,&quot;335559739&quot;:200,&quot;335559740&quot;:276}\">&nbsp;<\/span><\/p>\r\n<p><span data-contrast=\"auto\">Ja, klar, aber auch vieles Wertvolle hat sich uns erschlossen: beispielsweise die Erkenntnis Kurt Steinmanns (\u201eDas war doch der, der die Ilias \u00fcbersetzt hat? Ey ne, man, der hat random ALLES \u00fcbersetzt, Junge!\u201c), dass antike Texte eben nur ihrem Entstehungsdatum gem\u00e4\u00df alt sind, nicht aber bez\u00fcglich ihrer Aussageabsicht, und dass sie verdammt viel zu bieten haben, wenn es darum geht, zum Beispiel auf der Basis von Sen., ep. 104&nbsp; \u00fcber den Sinn bzw. Unsinn des unreflektierten Reisens nachzudenken: \u201eDas ist genau wie mit der Schule: du hast da voll die Probleme und findest es \u00e4tzend; dann \u00e4nderst du den Ort, aber die Schulprobleme bleiben und es ist immer noch \u00e4tzend!\u201c \u2013 genau, denn: <\/span><i><span data-contrast=\"auto\">animum debes mutare non caelum.<\/span><\/i><span data-ccp-props=\"{&quot;201341983&quot;:0,&quot;335559739&quot;:200,&quot;335559740&quot;:276}\">&nbsp;<\/span><\/p>\r\n<p><span data-contrast=\"auto\">Spa\u00df beiseite, wir haben einiges geleistet, unseren Blick f\u00fcr die Sch\u00f6nheit und den Reichtum der lateinischen Sprache gesch\u00e4rft, uns redlich mit diversen grammatikalischen Konstruktionen und dem Hexameter gequ\u00e4lt (\u201eK\u00f6nnen wir nicht vielleicht doch eher haupts\u00e4chlich skandieren als \u00fcbersetzen?\u201c \u201e\u00c4hh- nein?\u201c), konsequent sprachsensibel gearbeitet (was strukturierte Sprechhilfen so alles aus einem herausholen: \u201eDu hast dich echt gehoben ausgedr\u00fcckt, Junge!\u201c), haben gelernt, dass \u2013 <\/span><i><span data-contrast=\"auto\">omnia mea mecum porto-<\/span><\/i><span data-contrast=\"auto\"> jeder von uns so einige existenzielle Sch\u00e4tze in sich selbst findet &#8211; unabh\u00e4ngig von s\u00e4mtlichen Adiaphora &#8211; und wir sind am Ende zu Recht auch ein wenig stolz auf unseren Erfolg, denn&nbsp; &#8211; <\/span><i><span data-contrast=\"auto\">per aspera ad astra<\/span><\/i><span data-contrast=\"auto\"> \u2013 das Latinum kann uns keiner mehr nehmen. Okay, es ist vielleicht nicht f\u00fcr jeden das <\/span><i><span data-contrast=\"auto\">summum bonum,<\/span><\/i><span data-contrast=\"auto\"> aber unbestritten mit Herzblut erk\u00e4mpft.<\/span><span data-ccp-props=\"{&quot;201341983&quot;:0,&quot;335559739&quot;:200,&quot;335559740&quot;:276}\">&nbsp;<\/span><\/p>\r\n<p><span data-contrast=\"auto\">Und eines ist uns klar geworden: letztendlich lohnt es, durchzuhalten, denn in Latein geht es um die gro\u00dfen Fragen, um die essentials, die humanitas und damit um das, was wir f\u00fcr die Zukunft wirklich brauchen \u2013 <\/span><i><span data-contrast=\"auto\">homo doctus semper in se divitias habet.<\/span><\/i><span data-ccp-props=\"{&quot;201341983&quot;:0,&quot;335559739&quot;:200,&quot;335559740&quot;:276}\">&nbsp;<\/span><\/p>\r\n<p><em>Anny Papaphilippu&nbsp;<\/em><\/p>\r\n<p><span data-ccp-props=\"{&quot;201341983&quot;:0,&quot;335559739&quot;:200,&quot;335559740&quot;:276}\">&nbsp;<\/span><\/p>\r\n","protected":false},"excerpt":{"rendered":"<p>Es war ein ganz sch\u00f6nes St\u00fcck Arbeit, gepr\u00e4gt vom st\u00e4ndigen Auf und Ab des Online -,Wechsel- , und Pr\u00e4senzunterrichts &#8211; die letzten Etappen auf dem Weg zum Latinum gestalteten sich wahrlich nicht einfach, doch jetzt &#8211;<a class=\"moretag\" href=\"https:\/\/hbg-koeln.de\/?p=9154\">Read More&#8230;<\/a><\/p>\n","protected":false},"author":11,"featured_media":0,"comment_status":"closed","ping_status":"open","sticky":false,"template":"","format":"standard","meta":{"ngg_post_thumbnail":0,"footnotes":""},"categories":[1],"tags":[],"class_list":["post-9154","post","type-post","status-publish","format-standard","hentry","category-allgemein"],"_links":{"self":[{"href":"https:\/\/hbg-koeln.de\/index.php?rest_route=\/wp\/v2\/posts\/9154","targetHints":{"allow":["GET"]}}],"collection":[{"href":"https:\/\/hbg-koeln.de\/index.php?rest_route=\/wp\/v2\/posts"}],"about":[{"href":"https:\/\/hbg-koeln.de\/index.php?rest_route=\/wp\/v2\/types\/post"}],"author":[{"embeddable":true,"href":"https:\/\/hbg-koeln.de\/index.php?rest_route=\/wp\/v2\/users\/11"}],"replies":[{"embeddable":true,"href":"https:\/\/hbg-koeln.de\/index.php?rest_route=%2Fwp%2Fv2%2Fcomments&post=9154"}],"version-history":[{"count":4,"href":"https:\/\/hbg-koeln.de\/index.php?rest_route=\/wp\/v2\/posts\/9154\/revisions"}],"predecessor-version":[{"id":10109,"href":"https:\/\/hbg-koeln.de\/index.php?rest_route=\/wp\/v2\/posts\/9154\/revisions\/10109"}],"wp:attachment":[{"href":"https:\/\/hbg-koeln.de\/index.php?rest_route=%2Fwp%2Fv2%2Fmedia&parent=9154"}],"wp:term":[{"taxonomy":"category","embeddable":true,"href":"https:\/\/hbg-koeln.de\/index.php?rest_route=%2Fwp%2Fv2%2Fcategories&post=9154"},{"taxonomy":"post_tag","embeddable":true,"href":"https:\/\/hbg-koeln.de\/index.php?rest_route=%2Fwp%2Fv2%2Ftags&post=9154"}],"curies":[{"name":"wp","href":"https:\/\/api.w.org\/{rel}","templated":true}]}}