{"id":9168,"date":"2022-07-31T09:28:17","date_gmt":"2022-07-31T08:28:17","guid":{"rendered":"https:\/\/hbg-koeln.de\/?p=9168"},"modified":"2022-07-31T09:30:27","modified_gmt":"2022-07-31T08:30:27","slug":"infos-zum-schulbeginn-am-mi-10-08-22","status":"publish","type":"post","link":"https:\/\/hbg-koeln.de\/?p=9168","title":{"rendered":"<b>Infos zum Schulbeginn am Mi, 10.08.22<\/b>"},"content":{"rendered":"\n<p>Liebe Schulgemeinde,<br>am Mittwoch, 10.8.22 ist Schulstart f\u00fcr die Sch\u00fclerinnen und Sch\u00fcler ab dem 6. Jahrgang um 8.20 Uhr. Die Einschulungsfeiern f\u00fcr den 5. Jahrgang beginnen gestaffelt ab 12:30 Uhr.<br>Das Schulministerium hat ein neues Konzept zum Umgang mit dem Coronavirus entwickelt. Die aktuellen Informationen gibt es <a href=\"https:\/\/www.schulministerium.nrw\/aktuelles-zum-schulbetrieb-und-corona\">hier.<\/a><br>Wir w\u00fcnschen allen noch erholsame Ferientage und freuen uns, euch bald wiederzusehen!<br>Mit herzlichem Gru\u00df<br>Uta Goossens und Rolf Grisard<br><img loading=\"lazy\" decoding=\"async\" class=\"alignnone  wp-image-9169\" src=\"http:\/\/hbg-koeln.de\/wp-content\/uploads\/2022\/07\/Schulhof-300x225.jpeg\" alt=\"\" width=\"407\" height=\"305\" srcset=\"https:\/\/hbg-koeln.de\/wp-content\/uploads\/2022\/07\/Schulhof-300x225.jpeg 300w, https:\/\/hbg-koeln.de\/wp-content\/uploads\/2022\/07\/Schulhof-1024x768.jpeg 1024w, https:\/\/hbg-koeln.de\/wp-content\/uploads\/2022\/07\/Schulhof-768x576.jpeg 768w, https:\/\/hbg-koeln.de\/wp-content\/uploads\/2022\/07\/Schulhof-1536x1152.jpeg 1536w, https:\/\/hbg-koeln.de\/wp-content\/uploads\/2022\/07\/Schulhof.jpeg 2048w\" sizes=\"auto, (max-width: 407px) 100vw, 407px\" \/><\/p>\n","protected":false},"excerpt":{"rendered":"<p>Liebe Schulgemeinde,am Mittwoch, 10.8.22 ist Schulstart f\u00fcr die Sch\u00fclerinnen und Sch\u00fcler ab dem 6. Jahrgang um 8.20 Uhr. Die Einschulungsfeiern f\u00fcr den 5. Jahrgang beginnen gestaffelt ab 12:30 Uhr.Das Schulministerium hat ein neues Konzept zum Umgang<a class=\"moretag\" href=\"https:\/\/hbg-koeln.de\/?p=9168\">Read More&#8230;<\/a><\/p>\n","protected":false},"author":9,"featured_media":0,"comment_status":"closed","ping_status":"open","sticky":false,"template":"","format":"standard","meta":{"ngg_post_thumbnail":0,"footnotes":""},"categories":[1],"tags":[],"class_list":["post-9168","post","type-post","status-publish","format-standard","hentry","category-allgemein"],"_links":{"self":[{"href":"https:\/\/hbg-koeln.de\/index.php?rest_route=\/wp\/v2\/posts\/9168","targetHints":{"allow":["GET"]}}],"collection":[{"href":"https:\/\/hbg-koeln.de\/index.php?rest_route=\/wp\/v2\/posts"}],"about":[{"href":"https:\/\/hbg-koeln.de\/index.php?rest_route=\/wp\/v2\/types\/post"}],"author":[{"embeddable":true,"href":"https:\/\/hbg-koeln.de\/index.php?rest_route=\/wp\/v2\/users\/9"}],"replies":[{"embeddable":true,"href":"https:\/\/hbg-koeln.de\/index.php?rest_route=%2Fwp%2Fv2%2Fcomments&post=9168"}],"version-history":[{"count":2,"href":"https:\/\/hbg-koeln.de\/index.php?rest_route=\/wp\/v2\/posts\/9168\/revisions"}],"predecessor-version":[{"id":9172,"href":"https:\/\/hbg-koeln.de\/index.php?rest_route=\/wp\/v2\/posts\/9168\/revisions\/9172"}],"wp:attachment":[{"href":"https:\/\/hbg-koeln.de\/index.php?rest_route=%2Fwp%2Fv2%2Fmedia&parent=9168"}],"wp:term":[{"taxonomy":"category","embeddable":true,"href":"https:\/\/hbg-koeln.de\/index.php?rest_route=%2Fwp%2Fv2%2Fcategories&post=9168"},{"taxonomy":"post_tag","embeddable":true,"href":"https:\/\/hbg-koeln.de\/index.php?rest_route=%2Fwp%2Fv2%2Ftags&post=9168"}],"curies":[{"name":"wp","href":"https:\/\/api.w.org\/{rel}","templated":true}]}}