{"id":9223,"date":"2022-09-14T20:25:04","date_gmt":"2022-09-14T19:25:04","guid":{"rendered":"https:\/\/hbg-koeln.de\/?p=9223"},"modified":"2022-09-14T20:25:04","modified_gmt":"2022-09-14T19:25:04","slug":"sprintcup-finale-2022","status":"publish","type":"post","link":"https:\/\/hbg-koeln.de\/?p=9223","title":{"rendered":"<b>Sprintcup-Finale 2022<\/b>"},"content":{"rendered":"\n<p><a href=\"http:\/\/hbg-koeln.de\/wp-content\/uploads\/2022\/09\/Foto-Sprintcup-2022.jpg\"><img loading=\"lazy\" decoding=\"async\" class=\"alignleft  wp-image-9224\" src=\"http:\/\/hbg-koeln.de\/wp-content\/uploads\/2022\/09\/Foto-Sprintcup-2022-300x225.jpg\" alt=\"\" width=\"167\" height=\"125\" srcset=\"https:\/\/hbg-koeln.de\/wp-content\/uploads\/2022\/09\/Foto-Sprintcup-2022-300x225.jpg 300w, https:\/\/hbg-koeln.de\/wp-content\/uploads\/2022\/09\/Foto-Sprintcup-2022-1024x768.jpg 1024w, https:\/\/hbg-koeln.de\/wp-content\/uploads\/2022\/09\/Foto-Sprintcup-2022-768x576.jpg 768w, https:\/\/hbg-koeln.de\/wp-content\/uploads\/2022\/09\/Foto-Sprintcup-2022-1536x1152.jpg 1536w, https:\/\/hbg-koeln.de\/wp-content\/uploads\/2022\/09\/Foto-Sprintcup-2022.jpg 1600w\" sizes=\"auto, (max-width: 167px) 100vw, 167px\" \/><\/a>Bei der schulinternen Ausscheidung im Juni 2022 haben sich 13 Sch\u00fclerinnen und Sch\u00fcler der Heinrich-B\u00f6ll-Gesamtschule f\u00fcr das Sprintcup-Finale am 13.9.2022 beim ASV K\u00f6ln in M\u00fcngersdorf qualifiziert, um sich dort mit den schnellsten Vertreterinnen und Vertreter anderer Schulen \u00fcber eine Distanz von 20m mit fliegendem Start zu messen. Bei optimalem Laufwetter setzten sich vier Sch\u00fcler und eine Sch\u00fclerin in den Vorl\u00e4ufen durch und qualifizierten sich f\u00fcr die Finall\u00e4ufe der schnellsten 5 in ihrer Altersklasse.&nbsp; Im Jahrgang 2011 belegte Marcel Sproge (6.8) den 2. Platz, im Jahrgang 2009 belegte Simon Lucas (8.7) den 5. Platz, im Jahrgang 2008 freuten sich Yannik Romanowski (9.8) \u00fcber einen 2. Platz und Darline Orbach (9.8) \u00fcber einen 3. Platz. David Omosigho (EF) belegte im Jahrgang 2006 und \u00e4lter ebenfalls einen 2. Platz. Als zahlenm\u00e4\u00dfig gr\u00f6\u00dfte Gruppe wurden alle L\u00e4uferinnen und L\u00e4ufer der HBG lautstark vom Team angefeuert. Ein gro\u00dfartiger Team-Spirit war sp\u00fcrbar pr\u00e4sent.<\/p>\n<p>Wir freuen uns schon auf das n\u00e4chste Jahr!<\/p>\n<p>Sprintcup-Team<\/p>\n","protected":false},"excerpt":{"rendered":"<p>Bei der schulinternen Ausscheidung im Juni 2022 haben sich 13 Sch\u00fclerinnen und Sch\u00fcler der Heinrich-B\u00f6ll-Gesamtschule f\u00fcr das Sprintcup-Finale am 13.9.2022 beim ASV K\u00f6ln in M\u00fcngersdorf qualifiziert, um sich dort mit den schnellsten Vertreterinnen und Vertreter anderer<a class=\"moretag\" href=\"https:\/\/hbg-koeln.de\/?p=9223\">Read More&#8230;<\/a><\/p>\n","protected":false},"author":11,"featured_media":0,"comment_status":"closed","ping_status":"open","sticky":false,"template":"","format":"standard","meta":{"ngg_post_thumbnail":0,"footnotes":""},"categories":[1],"tags":[],"class_list":["post-9223","post","type-post","status-publish","format-standard","hentry","category-allgemein"],"_links":{"self":[{"href":"https:\/\/hbg-koeln.de\/index.php?rest_route=\/wp\/v2\/posts\/9223","targetHints":{"allow":["GET"]}}],"collection":[{"href":"https:\/\/hbg-koeln.de\/index.php?rest_route=\/wp\/v2\/posts"}],"about":[{"href":"https:\/\/hbg-koeln.de\/index.php?rest_route=\/wp\/v2\/types\/post"}],"author":[{"embeddable":true,"href":"https:\/\/hbg-koeln.de\/index.php?rest_route=\/wp\/v2\/users\/11"}],"replies":[{"embeddable":true,"href":"https:\/\/hbg-koeln.de\/index.php?rest_route=%2Fwp%2Fv2%2Fcomments&post=9223"}],"version-history":[{"count":1,"href":"https:\/\/hbg-koeln.de\/index.php?rest_route=\/wp\/v2\/posts\/9223\/revisions"}],"predecessor-version":[{"id":9225,"href":"https:\/\/hbg-koeln.de\/index.php?rest_route=\/wp\/v2\/posts\/9223\/revisions\/9225"}],"wp:attachment":[{"href":"https:\/\/hbg-koeln.de\/index.php?rest_route=%2Fwp%2Fv2%2Fmedia&parent=9223"}],"wp:term":[{"taxonomy":"category","embeddable":true,"href":"https:\/\/hbg-koeln.de\/index.php?rest_route=%2Fwp%2Fv2%2Fcategories&post=9223"},{"taxonomy":"post_tag","embeddable":true,"href":"https:\/\/hbg-koeln.de\/index.php?rest_route=%2Fwp%2Fv2%2Ftags&post=9223"}],"curies":[{"name":"wp","href":"https:\/\/api.w.org\/{rel}","templated":true}]}}