{"id":9265,"date":"2022-10-19T12:31:41","date_gmt":"2022-10-19T11:31:41","guid":{"rendered":"https:\/\/hbg-koeln.de\/?p=9265"},"modified":"2022-10-19T12:31:41","modified_gmt":"2022-10-19T11:31:41","slug":"klassenfahrt-nach-ameland","status":"publish","type":"post","link":"https:\/\/hbg-koeln.de\/?p=9265","title":{"rendered":"<b>Klassenfahrt nach Ameland<\/b>"},"content":{"rendered":"\n<p><strong><a href=\"http:\/\/hbg-koeln.de\/wp-content\/uploads\/2022\/10\/IMG_9206-scaled.jpeg\"><img loading=\"lazy\" decoding=\"async\" class=\"alignleft  wp-image-9266\" src=\"http:\/\/hbg-koeln.de\/wp-content\/uploads\/2022\/10\/IMG_9206-300x225.jpeg\" alt=\"\" width=\"216\" height=\"162\" srcset=\"https:\/\/hbg-koeln.de\/wp-content\/uploads\/2022\/10\/IMG_9206-300x225.jpeg 300w, https:\/\/hbg-koeln.de\/wp-content\/uploads\/2022\/10\/IMG_9206-1024x768.jpeg 1024w, https:\/\/hbg-koeln.de\/wp-content\/uploads\/2022\/10\/IMG_9206-768x576.jpeg 768w, https:\/\/hbg-koeln.de\/wp-content\/uploads\/2022\/10\/IMG_9206-1536x1152.jpeg 1536w, https:\/\/hbg-koeln.de\/wp-content\/uploads\/2022\/10\/IMG_9206-2048x1536.jpeg 2048w\" sizes=\"auto, (max-width: 216px) 100vw, 216px\" \/><\/a>Klassenfahrt der Klasse 8.5 nach Ameland (19.9. \u2013 23.9.22)<\/strong><\/p>\n<p>Am Montagmorgen trafen wir uns auf dem Parkplatz am Aqualand. Wir waren alle aufgeregt und haben uns auf die Klassenfahrt gefreut. Bis zur F\u00e4hre in Holwerd sind wir mit einem tollen Bus gefahren, dann mit der F\u00e4hre nach Ameland. Wir hatten alle richtig gute Laune und sangen schon im Bus das Lied \u201eI want it that way\u201c.<\/p>\n<p>Auf der Insel angekommen, liehen wir uns Fahrr\u00e4der, die wir drei Tage lang behalten durften. Dann haben alle eine Runde gedreht und ihr Rad ausprobiert.<\/p>\n<p>Kurze Zeit sp\u00e4ter gab es Abendessen: leckere Nudelsuppe. Am Abend waren wir alle sehr m\u00fcde und gingen schlafen \u2026.<\/p>\n<p>Am n\u00e4chsten Morgen weckte uns Frau Fischer mit cooler Musik. Nach einem leckeren Fr\u00fchst\u00fcck waren wir bereit f\u00fcr den Tag. Der erste Ausflug stand bevor, die Wattwanderung. Wir fuhren mit dem Rad zum verabredeten Treffpunkt und gingen mit Herrn Rudi ins Watt. Es war sehr interessant und wir h\u00f6rten aufmerksam zu.<!--moreWeiterlesen--><\/p>\n<p>Nach einer Pause in unserem Haus in Ballum fuhren wir gegen 16 Uhr zum Strand. Dort machte ein Teil der Klasse bei strahlendem Sonnenschein Yoga mit Frau Niesig. Andere 8.5er bauten ein \u201eKlasse 8.5\u201c in den Sand. Nach dem leckeren Abendessen spielte die ganze Klasse zusammen \u201eWerwolf\u201c.<\/p>\n<p>Am Mittwoch fuhren wir nach dem Fr\u00fchst\u00fcck mit den R\u00e4dern zum Hafen in Nes. Wir hatten eine \u201eRobbentour\u201c gebucht. Mit einem Schiff fuhren wir zu einer Sandbank, auf der die Robben faul in der Sonne lagen. Es gab Robbenbabys und einige Robben waren sogar schwanger. Auf dem R\u00fcckweg hielt das Schiff an einer Muschelbank. Dort konnten wir aussteigen und Muscheln sammeln und wir fanden einen Seestern (den wir wieder ins Wasser brachten).<\/p>\n<p>Den Nachmittag verbrachten wir am Strand und bauten Sandburgen oder chillten. Abends spielten wir wieder mit Allen Werwolf.<\/p>\n<p>Am Donnerstagmorgen spielten wir sogar schon Werwolf als die Lehrerinnen noch schliefen.<\/p>\n<p>Sp\u00e4ter fuhren wir zum Leuchtturm und wer wollte, konnte die vielen Treppen hoch gehen. Von oben gab es einen fantastischen Ausblick \u00fcber die Insel. Nachmittags fuhren wir zu einem anderen Strand und es gab einen Sandburg-Battle, Jungen gegen M\u00e4dchen. Die Jungen gewannen mit ihrer Schildkr\u00f6te mit Hintergrundgeschichte! Umwelt! Nach dem Abendessen bekamen beide Gruppen einen Preis, die Jungen Schoko-\/Vanillevla und die M\u00e4dchen Beerenmilch. Und was haben wir abends gemacht? \u2026. Richtig! Mit der ganzen Klasse Werwolf gespielt.<\/p>\n<p>Am Freitag haben wir gepackt und geputzt, und schon war die Woche vorbei!<\/p>\n<p>Das besondere an dieser Fahrt war, ausser der wundersch\u00f6nen Insel, dass sich alle aus der Klasse sehr gut verstanden haben. Alle haben mit allen geredet, gespielt und Spa\u00df gehabt. Und alle hatten meistens gute Laune. Es war sehr sch\u00f6n! Frau Eisenhauer war sehr begeistert! \ud83d\ude0a<\/p>\n<p>Wir bedanken uns beim F\u00f6rderverein der HBG f\u00fcr die finanzielle Unterst\u00fctzung, ebenso bei der Stiftung der Stadtsparkasse K\u00f6ln Bonn, ohne die diese Fahrt nicht m\u00f6glich gewesen w\u00e4re.<\/p>\n<p>&nbsp;&nbsp;&nbsp;&nbsp;&nbsp;&nbsp;&nbsp;&nbsp;&nbsp;&nbsp;&nbsp;&nbsp;&nbsp;&nbsp;&nbsp;&nbsp;&nbsp;&nbsp;&nbsp;&nbsp;&nbsp;&nbsp;&nbsp;&nbsp;&nbsp;&nbsp;&nbsp;&nbsp;&nbsp;&nbsp;&nbsp;&nbsp;&nbsp;&nbsp;&nbsp;&nbsp;&nbsp;&nbsp;&nbsp;&nbsp;&nbsp;&nbsp;&nbsp;&nbsp;&nbsp;&nbsp;&nbsp;&nbsp;&nbsp;&nbsp;&nbsp;&nbsp;&nbsp;&nbsp;&nbsp;&nbsp;&nbsp;&nbsp;&nbsp;&nbsp;&nbsp;&nbsp;&nbsp;&nbsp;&nbsp;&nbsp;&nbsp;&nbsp;&nbsp;&nbsp;&nbsp;&nbsp;&nbsp;&nbsp;&nbsp;&nbsp;&nbsp;&nbsp;&nbsp;&nbsp; F\u00fcr die Klasse 8.5 schrieben Josy, Elsa und Curly<\/p>\n","protected":false},"excerpt":{"rendered":"<p>Klassenfahrt der Klasse 8.5 nach Ameland (19.9. \u2013 23.9.22) Am Montagmorgen trafen wir uns auf dem Parkplatz am Aqualand. Wir waren alle aufgeregt und haben uns auf die Klassenfahrt gefreut. Bis zur F\u00e4hre in Holwerd sind<a class=\"moretag\" href=\"https:\/\/hbg-koeln.de\/?p=9265\">Read More&#8230;<\/a><\/p>\n","protected":false},"author":11,"featured_media":0,"comment_status":"closed","ping_status":"open","sticky":false,"template":"","format":"standard","meta":{"ngg_post_thumbnail":0,"footnotes":""},"categories":[1],"tags":[],"class_list":["post-9265","post","type-post","status-publish","format-standard","hentry","category-allgemein"],"_links":{"self":[{"href":"https:\/\/hbg-koeln.de\/index.php?rest_route=\/wp\/v2\/posts\/9265","targetHints":{"allow":["GET"]}}],"collection":[{"href":"https:\/\/hbg-koeln.de\/index.php?rest_route=\/wp\/v2\/posts"}],"about":[{"href":"https:\/\/hbg-koeln.de\/index.php?rest_route=\/wp\/v2\/types\/post"}],"author":[{"embeddable":true,"href":"https:\/\/hbg-koeln.de\/index.php?rest_route=\/wp\/v2\/users\/11"}],"replies":[{"embeddable":true,"href":"https:\/\/hbg-koeln.de\/index.php?rest_route=%2Fwp%2Fv2%2Fcomments&post=9265"}],"version-history":[{"count":1,"href":"https:\/\/hbg-koeln.de\/index.php?rest_route=\/wp\/v2\/posts\/9265\/revisions"}],"predecessor-version":[{"id":9267,"href":"https:\/\/hbg-koeln.de\/index.php?rest_route=\/wp\/v2\/posts\/9265\/revisions\/9267"}],"wp:attachment":[{"href":"https:\/\/hbg-koeln.de\/index.php?rest_route=%2Fwp%2Fv2%2Fmedia&parent=9265"}],"wp:term":[{"taxonomy":"category","embeddable":true,"href":"https:\/\/hbg-koeln.de\/index.php?rest_route=%2Fwp%2Fv2%2Fcategories&post=9265"},{"taxonomy":"post_tag","embeddable":true,"href":"https:\/\/hbg-koeln.de\/index.php?rest_route=%2Fwp%2Fv2%2Ftags&post=9265"}],"curies":[{"name":"wp","href":"https:\/\/api.w.org\/{rel}","templated":true}]}}