{"id":9272,"date":"2022-10-25T08:58:12","date_gmt":"2022-10-25T07:58:12","guid":{"rendered":"https:\/\/hbg-koeln.de\/?p=9272"},"modified":"2026-03-12T11:11:28","modified_gmt":"2026-03-12T10:11:28","slug":"6-7-besucht-die-roemervilla","status":"publish","type":"post","link":"https:\/\/hbg-koeln.de\/?p=9272","title":{"rendered":"<b>6.7 besucht die R\u00f6mervilla<\/b>"},"content":{"rendered":"\r\n<p><b><span data-contrast=\"auto\">Luxus und Lifestyle in der Provinz \u2013 die Klasse 6.7 besucht die R\u00f6mervilla in Bad Neuenahr &#8211; Ahrweiler!<\/span><\/b><span data-ccp-props=\"{}\">&nbsp;<\/span><\/p>\r\n<p><em>Ein Bericht von Anny Papaphilippu&nbsp;&nbsp;<\/em><\/p>\r\n<p><span data-contrast=\"auto\">Und weiter geht es auf den Spuren der R\u00f6mer \u2013 nachdem wir zuletzt unsere Colonia Claudia Ara Agrippinensium erkundet und viel \u00fcber die Sitten und den Alltag der R\u00f6merInnen sowie \u00fcber spektakul\u00e4re arch\u00e4ologische Funde &#8211; wie beispielsweise das Grabmahl des Poblicius &#8211; gelernt haben, ging es f\u00fcr die Klasse 6.7 in der Projektwoche nun nach Bad Neuenahr &#8211; Ahrweiler &#8211; und damit hinaus auf ein r\u00f6misches Landgut. Die sogenannte <\/span><b><span data-contrast=\"auto\">R\u00f6mervilla<\/span><\/b><span data-contrast=\"auto\"> am Silberberg war einst durch einen Erdrutsch versch\u00fcttet und dadurch gleichsam wie in einer Zeitkapsel konserviert worden \u2013 f\u00fcr uns die Chance auf eine spannende Zeitreise in die Antike!<\/span><span data-ccp-props=\"{}\">&nbsp;<\/span><!--moreWeiterlesen--><\/p>\r\n<p><span data-contrast=\"auto\">Im Jahre 1980 durch Zufall bei Bauarbeiten entdeckt, er\u00f6ffnet uns diese <\/span><i><span data-contrast=\"auto\">villa Romana<\/span><\/i><span data-contrast=\"auto\">, idyllisch inmitten von Weinbergen gelegen, heute lebendige Einblicke in das Leben auf einem r\u00f6mischen Gutshof des 1.-3. Jahrhunderts nach Chr. und damit zugleich in die Fortschrittlichkeit, den luxuri\u00f6sen Lifestyle und die architektonischen Dimensionen einer sog. <\/span><i><span data-contrast=\"auto\">villa rustica<\/span><\/i><span data-contrast=\"auto\">. Und dieses Landgut kann sich wirklich sehen lassen: unter der Museumskonstruktion aus Holz erstrecken sich ger\u00e4umige Wohnbereiche und eine K\u00fcche mit Ofen, Feuerstelle und R\u00e4ucherkammer, was eindrucksvoll dokumentiert, dass es sich vor fast 2000 Jahren f\u00fcr eine wohlhabende r\u00f6mische <\/span><i><span data-contrast=\"auto\">familia<\/span><\/i><span data-contrast=\"auto\"> auf dem Lande durchaus behaglich und \u201emodern\u201c leben lie\u00df. Dies belegen auch die Teile der komfortablen Badeanlagen, denn egal, ob in der Stadt oder auf dem Lande, es galt <\/span><i><span data-contrast=\"auto\">mens<\/span><\/i> <i><span data-contrast=\"auto\">sana<\/span><\/i><span data-contrast=\"auto\"> in <\/span><i><span data-contrast=\"auto\">corpore<\/span><\/i> <i><span data-contrast=\"auto\">sano<\/span><\/i><span data-contrast=\"auto\"> \u2013 in einem gesunden K\u00f6rper wohnt bekanntlich ein gesunder Geist \u2013 dementsprechend war ausreichend f\u00fcr Wellness gesorgt.<\/span><span data-ccp-props=\"{}\">&nbsp;<\/span><\/p>\r\n<p><span data-contrast=\"auto\">Und nicht nur die \u00dcberreste filigraner farbiger Wandmalereien mit floralen Motiven sowie ein wundersch\u00f6nes rekonstruiertes Gew\u00f6lbe mit Deckenmalerei lassen uns weiter staunen, sondern vor allem auch die fast vollst\u00e4ndig erhaltenen Fu\u00dfbodenheizungen (<\/span><i><span data-contrast=\"auto\">hypocausta<\/span><\/i><span data-contrast=\"auto\">) machen eines klar: das Landleben war alles andere als primitiv.<\/span><span data-ccp-props=\"{}\">&nbsp;<\/span><\/p>\r\n<p><span data-contrast=\"auto\">Auf Holzstegen wandeln wir also durch die weitl\u00e4ufigen R\u00e4umlichkeiten der R\u00f6mervilla und erhalten&nbsp; zeitgleich ein Bewusstsein daf\u00fcr, dass dieses St\u00fcck Antike im vergangenen Jahr nur knapp vor der Flutkatastrophe im Ahrtal bewahrt geblieben ist. Daher bewegt uns dieser Ort auf zweifache Weise: einerseits als fantastischer au\u00dferschulischer Lernort, aber eben auch gleichsam als Mahnmal einer Naturkatastrophe, zumal einige Guides, die in der R\u00f6mervilla f\u00fchren, bei der Flut selbst ihr Zuhause verloren haben. Ein Faktum, das uns bei aller Begeisterung f\u00fcr das tolle Museum nachhaltig f\u00fcr das Schicksal der Menschen in der Region sensibilisiert.<\/span><span data-ccp-props=\"{}\">&nbsp;<\/span><\/p>\r\n<p><span data-contrast=\"auto\">Dies im Bewusstsein behaltend, betrachten wir die zahlreichen ausgestellten Alltagsgegenst\u00e4nde, die uns <\/span><span data-contrast=\"auto\">\u00fcber die Jahrhunderte hinweg <\/span><span data-contrast=\"auto\">ihre Geschichten erz\u00e4hlen: so bewundern wir beispielsweise kunstvolle Parfumflakons<\/span><span data-contrast=\"auto\">, \u00d6ll\u00e4mpchen<\/span><span data-contrast=\"auto\">, Haarnadeln, antike Kosmetikaccessoires, Fragmente von Theatermasken sowie Vorratsgef\u00e4\u00dfe aus Keramik, doch besonders fasziniert sind wir von zwei Fundst\u00fccken, da diese uns vor allem menschlich ber\u00fchren, schmunzeln und kritisch aufhorchen lassen: zum einen entdecken wir den Pfotenabdruck eines Hundes auf einer Dachschindel aus Ton \u2013 nat\u00fcrlich geh\u00f6rte auch ein Hofhund als treuer W\u00e4chter zum Landgut!<\/span><span data-ccp-props=\"{}\">&nbsp;<\/span><\/p>\r\n<p><span data-contrast=\"auto\">Zum anderen sehen wir ein antikes Graffito, das eine Art Zwiegespr\u00e4ch, wohl zwischen dem damaligen Hauslehrer und seiner\/m Sch\u00fcler\/in dokumentiert:<\/span><span data-ccp-props=\"{}\">&nbsp;<\/span><\/p>\r\n<p><span data-contrast=\"auto\">\u201e<\/span><i><span data-contrast=\"auto\">Wer nicht gut gelernt hat, pflegt ein Schw\u00e4tzer zu sein.\u201c &#8211; <\/span><\/i><span data-contrast=\"auto\">schrieb da der Lehrer auf Latein.&nbsp;<\/span><span data-ccp-props=\"{}\">&nbsp;<\/span><\/p>\r\n<p><span data-contrast=\"auto\">\u201e<\/span><i><span data-contrast=\"auto\">Die Peitsche des grausamen Grattius hat mich die Schrift gelehrt\u201c <\/span><\/i><span data-contrast=\"auto\">antwortet der\/die Sch\u00fcler\/in darunter und mach damit deutlich, dass die gef\u00fcrchtete Pr\u00fcgelstrafe in der antiken Schulpraxis leider keine Seltenheit war.<\/span><span data-ccp-props=\"{}\">&nbsp;<\/span><\/p>\r\n<p><span data-contrast=\"auto\">Zum Gl\u00fcck haben sich seit der Antike nun doch ein paar Dinge ge\u00e4ndert\u2026&nbsp;<\/span><span data-ccp-props=\"{}\">&nbsp;<\/span><\/p>\r\n<p><span data-contrast=\"auto\">Eines ist jedenfalls klar: auch in der <\/span><i><span data-contrast=\"auto\">villa<\/span><\/i> <i><span data-contrast=\"auto\">rustica<\/span><\/i><span data-contrast=\"auto\"> mussten die Kinder des Hauses schreiben lernen, gab es einen Alltag, Konflikte und schlichtweg das ganz normale Leben mit seinen H\u00f6hen und Tiefen.<\/span><span data-ccp-props=\"{}\">&nbsp;<\/span><\/p>\r\n<p><span data-contrast=\"auto\">Und beim abschlie\u00dfenden Streifzug durch die Weinberge am Hang wird uns wieder einmal bewusst, wie spannend, lehrreich und wertvoll doch solche Zeitreisen in die Antike sind.<\/span><span data-ccp-props=\"{}\">&nbsp;<\/span><\/p>\r\n<p><span data-contrast=\"auto\">Deshalb wird auch diese mit Sicherheit nicht die letzte gewesen sein\u2026.<\/span><span data-ccp-props=\"{}\">&nbsp;<\/span><\/p>\r\n<p><b><span data-contrast=\"auto\">PS<\/span><\/b><span data-contrast=\"auto\">: Wir m\u00f6chten an dieser Stelle dazu aufrufen, die Ahrtal &#8211; Region nach der schrecklichen Flutkatastrophe des letzten Jahres wieder verst\u00e4rkt zu besuchen und die Freizeitangebote vor Ort aktiv wahrzunehmen. Gespr\u00e4che mit den Menschen in der R\u00f6mervilla haben uns eindringlich vor Augen gef\u00fchrt, wie wichtig es ist, dass die Region auch weiterhin als Ausflugsort verstanden und durch BesucherInnen wiederbelebt wird.<\/span><span data-ccp-props=\"{}\">&nbsp;<\/span><\/p>\r\n<p><span data-contrast=\"auto\">Auf eine Darstellung der genaueren Details der Nutzung der R\u00f6mervilla, die in Haus I und II zu unterteilen ist und im Verlauf ihrer Geschichte auch als Hospiz und Herberge (<\/span><i><span data-contrast=\"auto\">mansio<\/span><\/i><span data-contrast=\"auto\">) genutzt wurde, musste aufgrund der Komplexit\u00e4t an dieser Stelle verzichtet werden, da diese den Rahmen sprengen w\u00fcrde.<\/span><span data-ccp-props=\"{}\">&nbsp;<\/span><\/p>\r\n<p><span data-contrast=\"auto\">Die Fotos des Museums finden Sie unter <\/span><a href=\"https:\/\/www.ahrtal.de\/roemervilla\"><span data-contrast=\"none\">https:\/\/www.ahrtal.de\/roemervilla<\/span><\/a><span data-contrast=\"auto\"> bzw. unter https:\/\/www.museumsportal-rlp.de\/museen\/museum-roemervilla.<\/span><span data-ccp-props=\"{}\">&nbsp;<\/span><\/p>\r\n<p><b><span data-contrast=\"auto\">Au\u00dferdem m\u00f6chten wir uns als Klasse 6.7 ganz herzlich bei dem F\u00f6rderverein der Heinrich-B\u00f6ll -Gesamtschule bedanken, der uns bei der Finanzierung der Bustour unterst\u00fctzt und somit einen wunderbaren Tag und &#8211; im Sinne der historischer Kommunikation &#8211; einen gehaltvollen Diskurs mit der Antike erm\u00f6glicht hat. <\/span><\/b><b><i><span data-contrast=\"auto\">Gratias agimus.<\/span><\/i><\/b><span data-ccp-props=\"{}\">&nbsp;<\/span><\/p>\r\n<p><span data-ccp-props=\"{}\">&nbsp;<\/span><\/p>\r\n<p><span data-ccp-props=\"{}\">&nbsp;<\/span><\/p>\r\n<p><span data-ccp-props=\"{}\">&nbsp;<\/span><\/p>\r\n<p><span data-ccp-props=\"{}\">&nbsp;<\/span><\/p>\r\n<p><span data-ccp-props=\"{}\">&nbsp;<\/span><\/p>\r\n<p><span data-ccp-props=\"{}\">&nbsp;<\/span><\/p>\r\n<p><span data-ccp-props=\"{}\">&nbsp;<\/span><\/p>\r\n","protected":false},"excerpt":{"rendered":"<p>Luxus und Lifestyle in der Provinz \u2013 die Klasse 6.7 besucht die R\u00f6mervilla in Bad Neuenahr &#8211; Ahrweiler!&nbsp; Ein Bericht von Anny Papaphilippu&nbsp;&nbsp; Und weiter geht es auf den Spuren der R\u00f6mer \u2013 nachdem wir zuletzt<a class=\"moretag\" href=\"https:\/\/hbg-koeln.de\/?p=9272\">Read More&#8230;<\/a><\/p>\n","protected":false},"author":11,"featured_media":0,"comment_status":"closed","ping_status":"open","sticky":false,"template":"","format":"standard","meta":{"ngg_post_thumbnail":0,"footnotes":""},"categories":[1],"tags":[],"class_list":["post-9272","post","type-post","status-publish","format-standard","hentry","category-allgemein"],"_links":{"self":[{"href":"https:\/\/hbg-koeln.de\/index.php?rest_route=\/wp\/v2\/posts\/9272","targetHints":{"allow":["GET"]}}],"collection":[{"href":"https:\/\/hbg-koeln.de\/index.php?rest_route=\/wp\/v2\/posts"}],"about":[{"href":"https:\/\/hbg-koeln.de\/index.php?rest_route=\/wp\/v2\/types\/post"}],"author":[{"embeddable":true,"href":"https:\/\/hbg-koeln.de\/index.php?rest_route=\/wp\/v2\/users\/11"}],"replies":[{"embeddable":true,"href":"https:\/\/hbg-koeln.de\/index.php?rest_route=%2Fwp%2Fv2%2Fcomments&post=9272"}],"version-history":[{"count":3,"href":"https:\/\/hbg-koeln.de\/index.php?rest_route=\/wp\/v2\/posts\/9272\/revisions"}],"predecessor-version":[{"id":11287,"href":"https:\/\/hbg-koeln.de\/index.php?rest_route=\/wp\/v2\/posts\/9272\/revisions\/11287"}],"wp:attachment":[{"href":"https:\/\/hbg-koeln.de\/index.php?rest_route=%2Fwp%2Fv2%2Fmedia&parent=9272"}],"wp:term":[{"taxonomy":"category","embeddable":true,"href":"https:\/\/hbg-koeln.de\/index.php?rest_route=%2Fwp%2Fv2%2Fcategories&post=9272"},{"taxonomy":"post_tag","embeddable":true,"href":"https:\/\/hbg-koeln.de\/index.php?rest_route=%2Fwp%2Fv2%2Ftags&post=9272"}],"curies":[{"name":"wp","href":"https:\/\/api.w.org\/{rel}","templated":true}]}}