{"id":9359,"date":"2022-11-28T20:34:27","date_gmt":"2022-11-28T19:34:27","guid":{"rendered":"https:\/\/hbg-koeln.de\/?p=9359"},"modified":"2025-04-16T16:31:30","modified_gmt":"2025-04-16T15:31:30","slug":"wieder-wider-das-vergessen","status":"publish","type":"post","link":"https:\/\/hbg-koeln.de\/?p=9359","title":{"rendered":"<b>Wieder wider das Vergessen<\/b>"},"content":{"rendered":"\r\n<p><b><span data-contrast=\"auto\">\u201eWieder wider das Vergessen\u201c \u2013 die Zeitzeugin Irene Seiwert (96) erneut zu Gast an der Heinrich -B\u00f6ll- Gesamtschule<\/span><\/b><span data-ccp-props=\"{}\">&nbsp;<\/span><\/p>\r\n<p><i><span data-contrast=\"auto\">Ein Bericht von Anny Papaphilippu<\/span><\/i><span data-ccp-props=\"{}\">&nbsp;<\/span><\/p>\r\n<p><span data-contrast=\"auto\">Sie ist mittlerweile schon fast zu einer Art festen \u201eInstitution\u201c geworden und doch ist jeder Besuch immer anders, auf neue Weise bewegend, anr\u00fchrend und sensibilisierend, birgt neue Facetten ihrer Lebensgeschichte und damit auch neue Impulse f\u00fcr uns \u2013 auch wenn der Impetus derselbe bleibt: sich wider das Vergessen einzusetzen und dadurch unsere Sch\u00fclerinnen und Sch\u00fcler aufzukl\u00e4ren und wach zu machen.<\/span><span data-ccp-props=\"{}\">&nbsp;<\/span><\/p>\r\n<p><span data-ccp-props=\"{}\">&nbsp;<\/span><span data-contrast=\"auto\">Die Rede ist von Irene Seiwert (96), beheimatet im K\u00f6lner Agnesviertel, geb\u00fcrtig aus Pr\u00fcm in der Eifel stammend, einer resoluten und selbstbewussten Frau, die unsere Schule schon mehrfach besucht hat \u2013 in ihrer Funktion, nein, gem\u00e4\u00df ihrem Verm\u00e4chtnis als Zeitzeugin.<\/span><span data-ccp-props=\"{}\">&nbsp;<\/span><!--moreWeiterlesen--><\/p>\r\n<p><span data-ccp-props=\"{}\">&nbsp;<\/span><span data-contrast=\"auto\">Einem Verm\u00e4chtnis, das bleibt, sich vielmehr sogar stetig erneuert, vor allem angesichts des Krieges in der Ukraine und ohnehin niemals an G\u00fcltigkeit verlieren kann, ganz im Gegenteil., ist es doch auch das Verm\u00e4chtnis Theodors W. Adornos an alle k\u00fcnftigen Generationen, denn \u201e die Forderung, dass Auschwitz kein zweites Mal sei, ist die allererste an Erziehung.\u201c<\/span><span data-ccp-props=\"{}\">&nbsp;<\/span><\/p>\r\n<p><span data-contrast=\"auto\">Eine Forderung, die explizit auch beinhaltet, Mitmenschlichkeit, W\u00e4rme und Empathie anzubahnen.<\/span><span data-ccp-props=\"{}\">&nbsp;<\/span><\/p>\r\n<p><span data-contrast=\"auto\">\u201eIch kann nachempfinden und euch versuchen, zu verdeutlichen, was Jugendliche in der Ukraine gerade miterleben m\u00fcssen, denn ich habe es selbst erlebt, als der II. Weltkrieg in K\u00f6ln herrschte.\u201c&nbsp;<\/span><span data-ccp-props=\"{}\">&nbsp;<\/span><\/p>\r\n<p><span data-contrast=\"auto\">So spricht Frau Seiwert im Rahmen unsers j\u00e4hrlichen Anti \u2013 Rassismus &#8211; Tages dieses Mal zum Leistungskurs P\u00e4dagogik und weiteren Sch\u00fclerInnen aus der Oberstufe. Und allen wird klar, dass sich ein Gespr\u00e4ch anbahnen wird, dessen Aktualit\u00e4tsgehalt h\u00f6her denn je ist und das so gar nichts von der Abstraktion so mancher Kriegsberichte hat, sondern authentisch, unmittelbar und greifbar Dinge beim Namen nennt und vor Augen f\u00fchrt, wie es eben nur Zeitzeugengespr\u00e4che verm\u00f6gen: ungek\u00fcnstelt, direkt, brutal, bewegend, mitrei\u00dfend, sicher auch subjektiv, aber gerade deshalb auch schonungslos ehrlich und emotional. Und wahrhaftig.<\/span><span data-ccp-props=\"{}\">&nbsp;<\/span><\/p>\r\n<p><span data-contrast=\"auto\">Diese Wahrhaftigkeit ist das, was Schule braucht, wenn es darum geht, dem Postulat Adornos Erziehung nach Auschwitz nachzukommen und dementsprechend durch Erziehung \u201eein Weniges auszurichten\u201c gegen faschistoide Tendenzen und unsere Sch\u00fclerInnen zu kritikf\u00e4higen, m\u00fcndigen und vor allem empathischen und warmherzigen Menschen zu bilden.<\/span><span data-ccp-props=\"{}\">&nbsp;<\/span><\/p>\r\n<p><span data-contrast=\"auto\">Und so folgen die Sch\u00fclerInnen auch dieses Mal Frau Seiwert von Pr\u00fcm aus in das vom aufkeimenden Nationalsozialismus gepr\u00e4gte K\u00f6ln, in die Kinderlandverschickung nach Schleswig \u2013 Holstein, durch die Kriegswirren, Zerst\u00f6rung und Todesangst zur\u00fcck in das nunmehr zerbombte K\u00f6ln und schaffen es vielleicht ann\u00e4hernd, sich ein Bild einer Jugend in Kriegszeiten zu machen und ein Gesp\u00fcr daf\u00fcr zu entwickeln, was zeitgleich Gleichaltrige in der Ukraine durchleben m\u00fcssen &#8211; Heranwachsende wie sie selbst, unterwegs auf Instagram und Tik Tok, die Netflix &#8211; Serien schauen, Tr\u00e4ume und Zukunftspl\u00e4ne haben.&nbsp;<\/span><span data-ccp-props=\"{}\">&nbsp;<\/span><\/p>\r\n<p><span data-contrast=\"auto\">Ganz normale Teenager, denen der Krieg auf furchtbare Weise \u201edazwischen gekommen\u201c ist -zwischen erste&nbsp; Liebe, den Schulabschluss, Zukunftsperspektiven und den ganz profanen Alltag.<\/span><span data-ccp-props=\"{}\">&nbsp;<\/span><\/p>\r\n<p><span data-contrast=\"auto\">Am Ende bleiben wir beklommen und sehr nachdenklich zur\u00fcck. Und hoffentlich dankbar. Dankbar f<\/span><span data-contrast=\"auto\">\u00fcr den Frieden, in dem <\/span><span data-contrast=\"auto\">wir hier an der HBG leben und lernen d\u00fcrfen, dankbar f\u00fcr die Perspektiven, die sich uns er\u00f6ffnen, dankbar f\u00fcr die eigene Unversehrtheit und die unserer Familien &#8211; so die R\u00fcckmeldung zumindest der anwesenden Sch\u00fclerinnen und Sch\u00fcler, gebeten um die Schilderung ihrer Eindr\u00fccke nach der Veranstaltung.<\/span><span data-ccp-props=\"{}\">&nbsp;<\/span><\/p>\r\n<p><span data-contrast=\"auto\">Die Sch\u00fclerInnenbeitr\u00e4ge dokumentieren, dass es gegl\u00fcckt ist und wir auch dieses Mal \u201eein Weniges\u201c haben ausrichten k\u00f6nnen. Auch daf\u00fcr sind wir dankbar.<\/span><span data-ccp-props=\"{}\">&nbsp;<\/span><\/p>\r\n<p><i><span data-contrast=\"auto\">Wir danken Irene Seiwert erneut f\u00fcr eine Begegnung mit der Vergangenheit, die unser Bewusstsein f\u00fcr die Gegenwart hoffentlich langfristig sch\u00e4rfen wird.<\/span><\/i><span data-ccp-props=\"{}\">&nbsp;<\/span><\/p>\r\n<p><i><span data-contrast=\"auto\">Zudem danken wir dem F\u00f6rderverein der Heinrich -B\u00f6ll -Gesamtschule f\u00fcr die freundliche Unterst\u00fctzung des Zeitzeugenprojekts.<\/span><\/i><span data-ccp-props=\"{}\">&nbsp;<\/span><\/p>\r\n","protected":false},"excerpt":{"rendered":"<p>\u201eWieder wider das Vergessen\u201c \u2013 die Zeitzeugin Irene Seiwert (96) erneut zu Gast an der Heinrich -B\u00f6ll- Gesamtschule&nbsp; Ein Bericht von Anny Papaphilippu&nbsp; Sie ist mittlerweile schon fast zu einer Art festen \u201eInstitution\u201c geworden und doch<a class=\"moretag\" href=\"https:\/\/hbg-koeln.de\/?p=9359\">Read More&#8230;<\/a><\/p>\n","protected":false},"author":11,"featured_media":0,"comment_status":"closed","ping_status":"open","sticky":false,"template":"","format":"standard","meta":{"ngg_post_thumbnail":0,"footnotes":""},"categories":[1],"tags":[],"class_list":["post-9359","post","type-post","status-publish","format-standard","hentry","category-allgemein"],"_links":{"self":[{"href":"https:\/\/hbg-koeln.de\/index.php?rest_route=\/wp\/v2\/posts\/9359","targetHints":{"allow":["GET"]}}],"collection":[{"href":"https:\/\/hbg-koeln.de\/index.php?rest_route=\/wp\/v2\/posts"}],"about":[{"href":"https:\/\/hbg-koeln.de\/index.php?rest_route=\/wp\/v2\/types\/post"}],"author":[{"embeddable":true,"href":"https:\/\/hbg-koeln.de\/index.php?rest_route=\/wp\/v2\/users\/11"}],"replies":[{"embeddable":true,"href":"https:\/\/hbg-koeln.de\/index.php?rest_route=%2Fwp%2Fv2%2Fcomments&post=9359"}],"version-history":[{"count":3,"href":"https:\/\/hbg-koeln.de\/index.php?rest_route=\/wp\/v2\/posts\/9359\/revisions"}],"predecessor-version":[{"id":10670,"href":"https:\/\/hbg-koeln.de\/index.php?rest_route=\/wp\/v2\/posts\/9359\/revisions\/10670"}],"wp:attachment":[{"href":"https:\/\/hbg-koeln.de\/index.php?rest_route=%2Fwp%2Fv2%2Fmedia&parent=9359"}],"wp:term":[{"taxonomy":"category","embeddable":true,"href":"https:\/\/hbg-koeln.de\/index.php?rest_route=%2Fwp%2Fv2%2Fcategories&post=9359"},{"taxonomy":"post_tag","embeddable":true,"href":"https:\/\/hbg-koeln.de\/index.php?rest_route=%2Fwp%2Fv2%2Ftags&post=9359"}],"curies":[{"name":"wp","href":"https:\/\/api.w.org\/{rel}","templated":true}]}}