{"id":9372,"date":"2022-12-05T21:00:18","date_gmt":"2022-12-05T20:00:18","guid":{"rendered":"https:\/\/hbg-koeln.de\/?p=9372"},"modified":"2022-12-05T21:05:51","modified_gmt":"2022-12-05T20:05:51","slug":"an-dem-tag-wurde-mir-wieder-klar-dass-es-zeit-ist-was-dagegen-zu-tun","status":"publish","type":"post","link":"https:\/\/hbg-koeln.de\/?p=9372","title":{"rendered":"<b>\u201eAn dem Tag wurde mir wieder klar, dass es Zeit ist, was dagegen zu tun.\u201c<\/b>"},"content":{"rendered":"\n<p><a href=\"http:\/\/hbg-koeln.de\/wp-content\/uploads\/2022\/12\/IMG_0655.jpg\"><img loading=\"lazy\" decoding=\"async\" class=\"alignleft  wp-image-9382\" src=\"http:\/\/hbg-koeln.de\/wp-content\/uploads\/2022\/12\/IMG_0655-225x300.jpg\" alt=\"\" width=\"154\" height=\"205\" srcset=\"https:\/\/hbg-koeln.de\/wp-content\/uploads\/2022\/12\/IMG_0655-225x300.jpg 225w, https:\/\/hbg-koeln.de\/wp-content\/uploads\/2022\/12\/IMG_0655.jpg 240w\" sizes=\"auto, (max-width: 154px) 100vw, 154px\" \/><\/a>\u201eAn dem Tag wurde mir wieder klar, dass es Zeit ist, was dagegen zu tun.\u201c<\/p>\n<p><strong>Information, Diskurs und Haltung unserer Oberstufensch\u00fcler:innen <\/strong><strong>am Projekttag \u201eSchule ohne Rassismus \u2013 Schule mit Courage\u201c am 18.11.2022<\/strong><\/p>\n<p>Wir sind unterschiedlich, wir sind vielf\u00e4ltig und das ist wertvoll! So in etwa l\u00e4sst sich die Haltung zusammenfassen, die unsere Sch\u00fcler*innen der Oberstufe in verschiedenen Workshops am Projekttag zeigten und deutlich formulierten.<\/p>\n<p>F\u00fcr die ca. 300 Sch\u00fcler*innen der Oberstufe an der HBG organisierte das DemokraTeam auch in diesem Jahr wieder zahlreiche Workshops zu verschiedenen Themen. Das Besondere: Die Sch\u00fcler*innen hatten die M\u00f6glichkeit, die Workshops interessengeleitet zu w\u00e4hlen. Das kam gut an und lie\u00df sie besonders motiviert und wissbegierig in den Tag starten.<!--moreWeiterlesen--><\/p>\n<p>Das Workshopangebot war thematisch breit aufgestellt: Einige Gruppen von Sch\u00fcler*innen setzten sich mit Antisemitismus und Rassismus in der Schule auseinander. Andere traten in den Diskurs \u00fcber Jugendarmut, \u00fcber Gewalt und Radikalisierung oder \u00fcber die Unterdr\u00fcckung von Frauen. Weitere Gruppen lauschten den pers\u00f6nlichen Erz\u00e4hlungen von Zeitzeug*innen. Au\u00dferdem besch\u00e4ftigten sich Sch\u00fcler*innen mit Fragen rund um LGBTIQ+, aber auch mit dem Themenfeld des Klimawandels.<\/p>\n<p><a href=\"http:\/\/hbg-koeln.de\/wp-content\/uploads\/2022\/12\/IMG_2649.jpg\"><img loading=\"lazy\" decoding=\"async\" class=\"alignleft  wp-image-9381\" src=\"http:\/\/hbg-koeln.de\/wp-content\/uploads\/2022\/12\/IMG_2649-225x300.jpg\" alt=\"\" width=\"170\" height=\"227\" srcset=\"https:\/\/hbg-koeln.de\/wp-content\/uploads\/2022\/12\/IMG_2649-225x300.jpg 225w, https:\/\/hbg-koeln.de\/wp-content\/uploads\/2022\/12\/IMG_2649.jpg 240w\" sizes=\"auto, (max-width: 170px) 100vw, 170px\" \/><\/a>\u201eDurch den Projekttag (Gewalt an Frauen) konnte ich meine Ansicht und Meinung intensivieren und mit fachlichen W\u00f6rtern st\u00fctzen. Ich kann jetzt gut und sachlich meine Meinung dazu \u00e4u\u00dfern. Es hat mir sehr gefallen und ich w\u00fcrde es jedem empfehlen, da es ein sehr wichtiges Thema ist\u201c<\/p>\n<p>\u201eIch pers\u00f6nlich, finde es gut, dass das Thema \u201aUnterdr\u00fcckung der Frauen\u2019 aufgegriffen wurde und empfinde es als wichtig, dass ein solches Thema, wie auch die anderen, die besprochen wurden, mehr im Allgemeinen und im Alltag thematisiert werden sollten.\u201c<\/p>\n<p>\u201eIch war am Tag Schule ohne Rassismus in der Gruppe Lost in Translation und fand es gut, sich mal n\u00e4her \u00fcber die verschiedenen Bewegungen, zum Beispiel die Flinta Bewegung, zu informieren und sich auch mit den anderen Sch\u00fclerinnen und Sch\u00fclern der Oberstufe dar\u00fcber auszutauschen, was sie von diesen Bewegungen halten und was sie in diesen Bewegungen verbessern w\u00fcrden. Zudem fand ich es auch gut \u00fcber Rassismus im Alltag zu sprechen, da dies kein Thema ist was man sonst so besprechen w\u00fcrde.\u201c<\/p>\n<p>\u201eIch fand die Idee sehr gut, ich lernte vieles zur Jugendarmut in Deutschland, da dies ein wichtiges Thema ist und es viel mehr Jugendarmut gibt als man denkt.\u201c<\/p>\n<p>\u201eWas ich interessant an meinem Workshop fand, war, dass von einem Straft\u00e4ter erz\u00e4hlt wurde und dieser genau wie jeder andere war. Leider f\u00fchrten seine Umst\u00e4nde dazu, dass er Pers\u00f6nlichkeitsst\u00f6rungen entwickelte und deshalb kam diese Erz\u00e4hlung mir sehr nah. Au\u00dferdem wurde uns vermittelt, dass fast jeder T\u00e4ter mal ein Opfer war. Dieser Satz hat meine Ansicht auf Straft\u00e4ter ma\u00dfgeblich ge\u00e4ndert.\u201c<\/p>\n<p>\u201eBei uns war es so, dass eine Zeitzeugin \u00fcber ihr Leben berichtet hat. Insgesamt fand ich es sehr informativ und man hat Eindr\u00fccke bekommen, die ich normalerweise nie so bekommen h\u00e4tte.\u201c<\/p>\n<p>\u201eDen Projektkurs mit dem Thema LGBTQ habe ich besucht. Dort habe ich \u00fcber die verschiedenen Bezeichnungen etwas gelernt, aber auch \u00fcber Diskriminierung haben wir gesprochen und ob wir im Alltag welche erfahren haben. Im Groben und Ganzen war es interessant, jedoch haben wir er zum Ende hin angefangen zu diskutieren und dann war die Zeit auch schon um.\u201c<\/p>\n<p>\u201eIch war beim Projekt zum Antisemitismus. Ich finde es war sehr sch\u00f6n gestaltet und ich habe viel gelernt, vor allem wie es sich im Alltag bemerkbar macht. Die Sch\u00fcler waren sehr still und es war etwas schwierig f\u00fcr die beiden Leitungen ein Gespr\u00e4ch zu finden, aber trotzdem wurden wir gut aufgekl\u00e4rt.\u201c<\/p>\n<p>\u201eAm Tag gegen Rassismus in der Gruppe \u201aKlimawandel\u2018 hab ich mitgenommen, dass wir mehr in der Gesellschaft mitwirken m\u00fcssen, sei es weniger fahren, M\u00fcll wegschmei\u00dfen etc.<br>An dem Tag wurde mir wieder klar, dass es Zeit ist, was dagegen zu tun.\u201c<\/p>\n<p>Die Workshops fanden prim\u00e4r in Kooperation mit schulexternen Anbieter*innen statt.<\/p>\n<p>F\u00fcr die wertvolle Unterst\u00fctzung und hervorragende Zusammenarbeit bedanken wir uns herzlich bei:<\/p>\n<ul>\n<li>WiR, anyway e. V.<\/li>\n<li>Rubicon<\/li>\n<li>armTM, Frankfurter Jugendring<\/li>\n<li>Refl:Act<\/li>\n<li>NS-Dokumentationszentrum K\u00f6ln<\/li>\n<li>180 Grad Wende<\/li>\n<li>Zora K\u00f6ln<\/li>\n<li>Irene Seibert<\/li>\n<li>Thomas Schulz<\/li>\n<\/ul>\n<p>Wenngleich die Workshops krankheitsbedingt abgesagt werden mussten, bedanken wir uns f\u00fcr die Bereitschaft und die freundliche Kommunikation bei Youthwork der Aidshilfe K\u00f6ln sowie FridaysForFuture.<\/p>\n<p>Sowohl die Referent*innen als auch die Sch\u00fcler*innen \u00e4u\u00dferten ein \u00fcberwiegend sehr positives Feedback und freuen sich schon jetzt auf den Tag im n\u00e4chsten Jahr.<\/p>\n<p><em>DemokraTeam<\/em><\/p>\n<p><em>NAP, ARA, GOE<\/em><\/p>\n","protected":false},"excerpt":{"rendered":"<p>\u201eAn dem Tag wurde mir wieder klar, dass es Zeit ist, was dagegen zu tun.\u201c Information, Diskurs und Haltung unserer Oberstufensch\u00fcler:innen am Projekttag \u201eSchule ohne Rassismus \u2013 Schule mit Courage\u201c am 18.11.2022 Wir sind unterschiedlich, wir<a class=\"moretag\" href=\"https:\/\/hbg-koeln.de\/?p=9372\">Read More&#8230;<\/a><\/p>\n","protected":false},"author":11,"featured_media":0,"comment_status":"closed","ping_status":"open","sticky":false,"template":"","format":"standard","meta":{"ngg_post_thumbnail":0,"footnotes":""},"categories":[1],"tags":[],"class_list":["post-9372","post","type-post","status-publish","format-standard","hentry","category-allgemein"],"_links":{"self":[{"href":"https:\/\/hbg-koeln.de\/index.php?rest_route=\/wp\/v2\/posts\/9372","targetHints":{"allow":["GET"]}}],"collection":[{"href":"https:\/\/hbg-koeln.de\/index.php?rest_route=\/wp\/v2\/posts"}],"about":[{"href":"https:\/\/hbg-koeln.de\/index.php?rest_route=\/wp\/v2\/types\/post"}],"author":[{"embeddable":true,"href":"https:\/\/hbg-koeln.de\/index.php?rest_route=\/wp\/v2\/users\/11"}],"replies":[{"embeddable":true,"href":"https:\/\/hbg-koeln.de\/index.php?rest_route=%2Fwp%2Fv2%2Fcomments&post=9372"}],"version-history":[{"count":3,"href":"https:\/\/hbg-koeln.de\/index.php?rest_route=\/wp\/v2\/posts\/9372\/revisions"}],"predecessor-version":[{"id":9385,"href":"https:\/\/hbg-koeln.de\/index.php?rest_route=\/wp\/v2\/posts\/9372\/revisions\/9385"}],"wp:attachment":[{"href":"https:\/\/hbg-koeln.de\/index.php?rest_route=%2Fwp%2Fv2%2Fmedia&parent=9372"}],"wp:term":[{"taxonomy":"category","embeddable":true,"href":"https:\/\/hbg-koeln.de\/index.php?rest_route=%2Fwp%2Fv2%2Fcategories&post=9372"},{"taxonomy":"post_tag","embeddable":true,"href":"https:\/\/hbg-koeln.de\/index.php?rest_route=%2Fwp%2Fv2%2Ftags&post=9372"}],"curies":[{"name":"wp","href":"https:\/\/api.w.org\/{rel}","templated":true}]}}