{"id":9470,"date":"2022-12-20T15:35:40","date_gmt":"2022-12-20T14:35:40","guid":{"rendered":"https:\/\/hbg-koeln.de\/?p=9470"},"modified":"2022-12-20T15:38:32","modified_gmt":"2022-12-20T14:38:32","slug":"hbg-spendet-weihnachtspakete-fuer-die-koelner-tafel","status":"publish","type":"post","link":"https:\/\/hbg-koeln.de\/?p=9470","title":{"rendered":"<b>HBG spendet Weihnachtspakete f\u00fcr die K\u00f6lner Tafel<\/b>"},"content":{"rendered":"\n<p><a href=\"http:\/\/hbg-koeln.de\/wp-content\/uploads\/2022\/12\/20221214_130620-scaled.jpg\"><img loading=\"lazy\" decoding=\"async\" class=\"alignleft  wp-image-9471\" src=\"http:\/\/hbg-koeln.de\/wp-content\/uploads\/2022\/12\/20221214_130620-300x225.jpg\" alt=\"\" width=\"176\" height=\"132\" srcset=\"https:\/\/hbg-koeln.de\/wp-content\/uploads\/2022\/12\/20221214_130620-300x225.jpg 300w, https:\/\/hbg-koeln.de\/wp-content\/uploads\/2022\/12\/20221214_130620-1024x768.jpg 1024w, https:\/\/hbg-koeln.de\/wp-content\/uploads\/2022\/12\/20221214_130620-768x576.jpg 768w, https:\/\/hbg-koeln.de\/wp-content\/uploads\/2022\/12\/20221214_130620-1536x1152.jpg 1536w, https:\/\/hbg-koeln.de\/wp-content\/uploads\/2022\/12\/20221214_130620-2048x1536.jpg 2048w\" sizes=\"auto, (max-width: 176px) 100vw, 176px\" \/><\/a>Seit Beginn ihrer Schulzeit an der HBG packen die 10.7 und die 10.8 Weihnachtspakete f\u00fcr die K\u00f6lner Tafel. Dieses Projekt begleitete die Sch\u00fclerinnen und Sch\u00fcler nun bereits 6 Jahre. Zum Abschluss ihrer Schulzeit haben sich die Klassen eine Besonderheit einfallen lassen. Sie brachten die Pakete pers\u00f6nlich zur Ausgabestelle am Pariser Platz. Die Ausgabenstellenleiterin bedankte sich sehr herzlich f\u00fcr die bunt verpackten Pakete und hob hervor, dass es nicht selbstverst\u00e4ndlich sei, Unterst\u00fctzung und Solidarit\u00e4t zu zeigen. Einige \u00e4u\u00dferten, dass sie \u00fcber ihre Schulzeit hinaus dieses Vorhaben weiterhin pflegen m\u00f6chten.<\/p>\n<p>In diesem Sinne: <strong><em>\u201eFr\u00f6hliche Weihnachten 2022!\u201c<\/em><\/strong>.<\/p>\n<p>B.Dittmar<\/p>\n","protected":false},"excerpt":{"rendered":"<p>Seit Beginn ihrer Schulzeit an der HBG packen die 10.7 und die 10.8 Weihnachtspakete f\u00fcr die K\u00f6lner Tafel. Dieses Projekt begleitete die Sch\u00fclerinnen und Sch\u00fcler nun bereits 6 Jahre. Zum Abschluss ihrer Schulzeit haben sich die<a class=\"moretag\" href=\"https:\/\/hbg-koeln.de\/?p=9470\">Read More&#8230;<\/a><\/p>\n","protected":false},"author":11,"featured_media":0,"comment_status":"closed","ping_status":"open","sticky":false,"template":"","format":"standard","meta":{"ngg_post_thumbnail":0,"footnotes":""},"categories":[1],"tags":[],"class_list":["post-9470","post","type-post","status-publish","format-standard","hentry","category-allgemein"],"_links":{"self":[{"href":"https:\/\/hbg-koeln.de\/index.php?rest_route=\/wp\/v2\/posts\/9470","targetHints":{"allow":["GET"]}}],"collection":[{"href":"https:\/\/hbg-koeln.de\/index.php?rest_route=\/wp\/v2\/posts"}],"about":[{"href":"https:\/\/hbg-koeln.de\/index.php?rest_route=\/wp\/v2\/types\/post"}],"author":[{"embeddable":true,"href":"https:\/\/hbg-koeln.de\/index.php?rest_route=\/wp\/v2\/users\/11"}],"replies":[{"embeddable":true,"href":"https:\/\/hbg-koeln.de\/index.php?rest_route=%2Fwp%2Fv2%2Fcomments&post=9470"}],"version-history":[{"count":2,"href":"https:\/\/hbg-koeln.de\/index.php?rest_route=\/wp\/v2\/posts\/9470\/revisions"}],"predecessor-version":[{"id":9473,"href":"https:\/\/hbg-koeln.de\/index.php?rest_route=\/wp\/v2\/posts\/9470\/revisions\/9473"}],"wp:attachment":[{"href":"https:\/\/hbg-koeln.de\/index.php?rest_route=%2Fwp%2Fv2%2Fmedia&parent=9470"}],"wp:term":[{"taxonomy":"category","embeddable":true,"href":"https:\/\/hbg-koeln.de\/index.php?rest_route=%2Fwp%2Fv2%2Fcategories&post=9470"},{"taxonomy":"post_tag","embeddable":true,"href":"https:\/\/hbg-koeln.de\/index.php?rest_route=%2Fwp%2Fv2%2Ftags&post=9470"}],"curies":[{"name":"wp","href":"https:\/\/api.w.org\/{rel}","templated":true}]}}