{"id":9604,"date":"2023-03-20T13:41:44","date_gmt":"2023-03-20T12:41:44","guid":{"rendered":"https:\/\/hbg-koeln.de\/?p=9604"},"modified":"2023-03-28T08:25:31","modified_gmt":"2023-03-28T07:25:31","slug":"der-balladenwettbewerb-des-7-jahrgangs","status":"publish","type":"post","link":"https:\/\/hbg-koeln.de\/?p=9604","title":{"rendered":"<b>Der Balladenwettbewerb des 7. Jahrgangs<\/b>"},"content":{"rendered":"<p><em><a href=\"http:\/\/hbg-koeln.de\/wp-content\/uploads\/2023\/03\/MicrosoftTeams-image.jpg\"><img loading=\"lazy\" decoding=\"async\" class=\"alignleft  wp-image-9615\" src=\"http:\/\/hbg-koeln.de\/wp-content\/uploads\/2023\/03\/MicrosoftTeams-image-300x135.jpg\" alt=\"\" width=\"216\" height=\"97\" srcset=\"https:\/\/hbg-koeln.de\/wp-content\/uploads\/2023\/03\/MicrosoftTeams-image-300x135.jpg 300w, https:\/\/hbg-koeln.de\/wp-content\/uploads\/2023\/03\/MicrosoftTeams-image-768x345.jpg 768w, https:\/\/hbg-koeln.de\/wp-content\/uploads\/2023\/03\/MicrosoftTeams-image-604x270.jpg 604w, https:\/\/hbg-koeln.de\/wp-content\/uploads\/2023\/03\/MicrosoftTeams-image.jpg 1024w\" sizes=\"auto, (max-width: 216px) 100vw, 216px\" \/><\/a>Ein Bericht von Lara Arpa, Helena Ciftioglu und Leyla Hatkic<\/em><\/p>\n<p>Wir berichten euch vom Balladenwettbewerb des 7. Jahrgangs. Wir haben uns im Deutschunterricht mit Balladen besch\u00e4ftigt und einige kennengelernt. Alle Sch\u00fclerInnen lernten eine Ballade auswendig und in den Klassen wurden daraufhin jeweils die besten Balladenvortr\u00e4gerInnen ausgew\u00e4hlt. Es war sehr aufregend vor der ganzen Klasse vorzutragen und in manchen Klassen gar nicht so einfach, Sch\u00fclerInnen zu finden, die am Wettbewerb teilnehmen wollten. Es erfordert n\u00e4mlich viel Mut vor \u00fcber 200 Menschen eine Ballade vorzutragen.<\/p>\n<p>Am Tag des Wettbewerbs trafen sich alle siebten Klassen im PZ. Zuerst bekamen wir einige Informationen zum Ablauf des Wettbewerbs und dann ging es auch schon los. Alle TeilnehmerInnen trugen ihre Balladen nacheinander vor. Es gab mehrere sehr gute Vortr\u00e4ge, so dass es wirklich spannend war, welche Klasse gewinnen w\u00fcrde.<\/p>\n<p>F\u00fcr alle Klassen war es sehr aufregend, besonders wenn die eigene Klasse an der Reihe war. Wir feuerten unsere Mitsch\u00fclerInnen kr\u00e4ftig an und waren richtig stolz.<\/p>\n<p>Nach den Vortr\u00e4gen gab es eine kurze Pause, in der eine Jury aus LehrerInnen und \u00e4lteren Sch\u00fclerInnen auswertete, wer gewonnen hatte. In der Pause pr\u00e4sentierten drei Sch\u00fcler eine lustige Variante des Erlk\u00f6nigs, die allen super gefallen hat.<\/p>\n<p>Es folgte die Siegerehrung, bei der die einzelnen Sch\u00fclerInnen noch einmal viel Applaus bekamen. Bassir (3. Platz), Jaqueline (2. Platz) und Stella (1. Platz) waren die besten Vortr\u00e4gerInnen des Jahrgangs und konnten sich \u00fcber einen Buchpreis freuen. F\u00fcr die Gewinnerklasse gab es au\u00dferdem noch einen Geldpreis f\u00fcr ein Klassenevent.<\/p>\n","protected":false},"excerpt":{"rendered":"<p>Ein Bericht von Lara Arpa, Helena Ciftioglu und Leyla Hatkic Wir berichten euch vom Balladenwettbewerb des 7. Jahrgangs. Wir haben uns im Deutschunterricht mit Balladen besch\u00e4ftigt und einige kennengelernt. Alle Sch\u00fclerInnen lernten eine Ballade auswendig und<a class=\"moretag\" href=\"https:\/\/hbg-koeln.de\/?p=9604\">Read More&#8230;<\/a><\/p>\n","protected":false},"author":11,"featured_media":0,"comment_status":"closed","ping_status":"open","sticky":false,"template":"","format":"standard","meta":{"ngg_post_thumbnail":0,"footnotes":""},"categories":[1],"tags":[],"class_list":["post-9604","post","type-post","status-publish","format-standard","hentry","category-allgemein"],"_links":{"self":[{"href":"https:\/\/hbg-koeln.de\/index.php?rest_route=\/wp\/v2\/posts\/9604","targetHints":{"allow":["GET"]}}],"collection":[{"href":"https:\/\/hbg-koeln.de\/index.php?rest_route=\/wp\/v2\/posts"}],"about":[{"href":"https:\/\/hbg-koeln.de\/index.php?rest_route=\/wp\/v2\/types\/post"}],"author":[{"embeddable":true,"href":"https:\/\/hbg-koeln.de\/index.php?rest_route=\/wp\/v2\/users\/11"}],"replies":[{"embeddable":true,"href":"https:\/\/hbg-koeln.de\/index.php?rest_route=%2Fwp%2Fv2%2Fcomments&post=9604"}],"version-history":[{"count":2,"href":"https:\/\/hbg-koeln.de\/index.php?rest_route=\/wp\/v2\/posts\/9604\/revisions"}],"predecessor-version":[{"id":9616,"href":"https:\/\/hbg-koeln.de\/index.php?rest_route=\/wp\/v2\/posts\/9604\/revisions\/9616"}],"wp:attachment":[{"href":"https:\/\/hbg-koeln.de\/index.php?rest_route=%2Fwp%2Fv2%2Fmedia&parent=9604"}],"wp:term":[{"taxonomy":"category","embeddable":true,"href":"https:\/\/hbg-koeln.de\/index.php?rest_route=%2Fwp%2Fv2%2Fcategories&post=9604"},{"taxonomy":"post_tag","embeddable":true,"href":"https:\/\/hbg-koeln.de\/index.php?rest_route=%2Fwp%2Fv2%2Ftags&post=9604"}],"curies":[{"name":"wp","href":"https:\/\/api.w.org\/{rel}","templated":true}]}}