{"id":9624,"date":"2023-04-08T07:58:47","date_gmt":"2023-04-08T06:58:47","guid":{"rendered":"https:\/\/hbg-koeln.de\/?p=9624"},"modified":"2023-04-08T07:58:47","modified_gmt":"2023-04-08T06:58:47","slug":"endlich-wieder-ein-zirkusprojekt-an-unserer-schule","status":"publish","type":"post","link":"https:\/\/hbg-koeln.de\/?p=9624","title":{"rendered":"<b>Endlich wieder ein Zirkusprojekt an unserer Schule<\/b>"},"content":{"rendered":"<p>Bisher gab es alle zwei Jahre ein umfangreiches Zirkusprojekt mit Sch\u00fclern und Sch\u00fclerinnen aus verschiedenen Jahrg\u00e4ngen, die Choreographien wurden im Sportunterricht, in den AGs oder in den Mittagsfreizeit entwickelt. Dies ist so in unserem Schulprogramm verankert.<\/p>\n<p>Die Coronajahre brachten diese Tradition zum Erliegen, umso erfreulicher war es, dass der jetzige 5. Jahrgang an der Tradition ankn\u00fcpfte.<\/p>\n<p>Der Auftakt erfolgte im Linoluckynelli in Lindweiler. Jede 5. Klasse hatte dort einen Zirkustag mit einer eigenen kleinen Auff\u00fchrung.<\/p>\n<p>Bei einem Probentag im PZ kamen aus jeder Klasse eine Gruppe f\u00fcr die gemeinsame Show des Jahrgangs zusammen.<\/p>\n<p>Am Freitag, dem 24.03.2023 war es dann soweit.<\/p>\n<p>Um 9.00 Uhr trafen sich 70 Artisten zur letzten Probe, zum Kost\u00fcmieren, zur Generalprobe und letztendlich zur Auff\u00fchrung im geschm\u00fcckten PZ.<\/p>\n<p>Es war eine gro\u00dfe Freude, die Begeisterung sowohl der Artisten aus auch der Zuschauer zu sehen.<\/p>\n<p>Die Artisten haben sich gegenseitig angespornt, Mut zu gesprochen, aufeinander geachtet, sich gegenseitig unterst\u00fctzt. Elf sch\u00f6ne Nummern wurden pr\u00e4sentiert.<\/p>\n<p>Eine Sch\u00fclerin beeindruckte mich mit den Worten an ihre Gruppe:\u201ckommt, wir halten uns an den H\u00e4nden und laufen gemeinsam in die Manege, dann klappt das schon\u201c.<\/p>\n<p>Die ph\u00e4nomenale Unterst\u00fctzung und der gro\u00dfe Applaus des 5. Jahrgangs gaben ihr Recht.<\/p>\n<p>Soziales Lernen und soziales Miteinander in seiner besten Form.<\/p>\n<p>Das n\u00e4chste Zirkusprojekt kann folgen.<\/p>\n<p><em>Petra M\u00f6ller (Sozialp\u00e4dagogin)<\/em><\/p>\n","protected":false},"excerpt":{"rendered":"<p>Bisher gab es alle zwei Jahre ein umfangreiches Zirkusprojekt mit Sch\u00fclern und Sch\u00fclerinnen aus verschiedenen Jahrg\u00e4ngen, die Choreographien wurden im Sportunterricht, in den AGs oder in den Mittagsfreizeit entwickelt. Dies ist so in unserem Schulprogramm verankert.<a class=\"moretag\" href=\"https:\/\/hbg-koeln.de\/?p=9624\">Read More&#8230;<\/a><\/p>\n","protected":false},"author":7,"featured_media":0,"comment_status":"closed","ping_status":"open","sticky":false,"template":"","format":"standard","meta":{"ngg_post_thumbnail":0,"footnotes":""},"categories":[1],"tags":[],"class_list":["post-9624","post","type-post","status-publish","format-standard","hentry","category-allgemein"],"_links":{"self":[{"href":"https:\/\/hbg-koeln.de\/index.php?rest_route=\/wp\/v2\/posts\/9624","targetHints":{"allow":["GET"]}}],"collection":[{"href":"https:\/\/hbg-koeln.de\/index.php?rest_route=\/wp\/v2\/posts"}],"about":[{"href":"https:\/\/hbg-koeln.de\/index.php?rest_route=\/wp\/v2\/types\/post"}],"author":[{"embeddable":true,"href":"https:\/\/hbg-koeln.de\/index.php?rest_route=\/wp\/v2\/users\/7"}],"replies":[{"embeddable":true,"href":"https:\/\/hbg-koeln.de\/index.php?rest_route=%2Fwp%2Fv2%2Fcomments&post=9624"}],"version-history":[{"count":1,"href":"https:\/\/hbg-koeln.de\/index.php?rest_route=\/wp\/v2\/posts\/9624\/revisions"}],"predecessor-version":[{"id":9625,"href":"https:\/\/hbg-koeln.de\/index.php?rest_route=\/wp\/v2\/posts\/9624\/revisions\/9625"}],"wp:attachment":[{"href":"https:\/\/hbg-koeln.de\/index.php?rest_route=%2Fwp%2Fv2%2Fmedia&parent=9624"}],"wp:term":[{"taxonomy":"category","embeddable":true,"href":"https:\/\/hbg-koeln.de\/index.php?rest_route=%2Fwp%2Fv2%2Fcategories&post=9624"},{"taxonomy":"post_tag","embeddable":true,"href":"https:\/\/hbg-koeln.de\/index.php?rest_route=%2Fwp%2Fv2%2Ftags&post=9624"}],"curies":[{"name":"wp","href":"https:\/\/api.w.org\/{rel}","templated":true}]}}