{"id":9736,"date":"2023-06-14T11:15:01","date_gmt":"2023-06-14T10:15:01","guid":{"rendered":"https:\/\/hbg-koeln.de\/?p=9736"},"modified":"2023-06-14T11:15:14","modified_gmt":"2023-06-14T10:15:14","slug":"hbg-studiert-erkundet-2000-jahre-koelner-stadtgeschichte","status":"publish","type":"post","link":"https:\/\/hbg-koeln.de\/?p=9736","title":{"rendered":"<b>HBG-Studiert erkundet 2000 Jahre K\u00f6lner Stadtgeschichte<\/b>"},"content":{"rendered":"<p><em><a href=\"http:\/\/hbg-koeln.de\/wp-content\/uploads\/2023\/06\/Dreikoenigsschrein-scaled.jpg\"><img loading=\"lazy\" decoding=\"async\" class=\"alignleft wp-image-9737\" src=\"http:\/\/hbg-koeln.de\/wp-content\/uploads\/2023\/06\/Dreikoenigsschrein-225x300.jpg\" alt=\"\" width=\"141\" height=\"188\" srcset=\"https:\/\/hbg-koeln.de\/wp-content\/uploads\/2023\/06\/Dreikoenigsschrein-225x300.jpg 225w, https:\/\/hbg-koeln.de\/wp-content\/uploads\/2023\/06\/Dreikoenigsschrein-768x1024.jpg 768w, https:\/\/hbg-koeln.de\/wp-content\/uploads\/2023\/06\/Dreikoenigsschrein-1152x1536.jpg 1152w, https:\/\/hbg-koeln.de\/wp-content\/uploads\/2023\/06\/Dreikoenigsschrein-1536x2048.jpg 1536w, https:\/\/hbg-koeln.de\/wp-content\/uploads\/2023\/06\/Dreikoenigsschrein-scaled.jpg 1920w\" sizes=\"auto, (max-width: 141px) 100vw, 141px\" \/><\/a>Ein Bericht von Susanne Viegener<\/em><\/p>\n<p>Nach f\u00fcnf vorbereitenden Treffen zum Thema \u201e2000 Jahre K\u00f6ln \u2013 Unsere Stadt im Wandel der Zeiten\u201c fand am 13. Juni unser abschlie\u00dfender Ausflug ins Zentrum K\u00f6lns statt. Unterirdisch wie oberirdisch, im Dom und in der Altstadt hat unsere HBG-Studiert-Gruppe bei einer ausgedehnten Stadtf\u00fchrung Geschichte und Geschichten aus 2000 Jahren K\u00f6ln erfahren.<br \/>\nVom Alltag der R\u00f6mer \u00fcber das Mittelalter mit seinem lange w\u00e4hrenden Dombau, von der fr\u00fchen Neuzeit bis hin zur Franzosenzeit und den Preu\u00dfen gab es allerhand zu entdecken, zum Beispiel die r\u00f6mische Stadtmauer in der Tiefgarage, einen Tunnel, der zu den Fundamenten des Doms f\u00fchrt, den goldenen Dreik\u00f6nigsschrein im Dom, das Rathaus, die Stra\u00dfen der K\u00f6lner Altstadt, die nach den mittelalterlichen Z\u00fcnften benannt sind, und vieles mehr.<br \/>\nTrotz der Hitze haben die interessierten Sch\u00fcler*innen tapfer durchgehalten und viele gute und spannende Fragen gestellt. Zwischendurch gab es zur Erholung Bubble-Tea und Eis.<\/p>\n","protected":false},"excerpt":{"rendered":"<p>Ein Bericht von Susanne Viegener Nach f\u00fcnf vorbereitenden Treffen zum Thema \u201e2000 Jahre K\u00f6ln \u2013 Unsere Stadt im Wandel der Zeiten\u201c fand am 13. Juni unser abschlie\u00dfender Ausflug ins Zentrum K\u00f6lns statt. Unterirdisch wie oberirdisch, im<a class=\"moretag\" href=\"https:\/\/hbg-koeln.de\/?p=9736\">Read More&#8230;<\/a><\/p>\n","protected":false},"author":11,"featured_media":0,"comment_status":"closed","ping_status":"open","sticky":false,"template":"","format":"standard","meta":{"ngg_post_thumbnail":0,"footnotes":""},"categories":[1],"tags":[],"class_list":["post-9736","post","type-post","status-publish","format-standard","hentry","category-allgemein"],"_links":{"self":[{"href":"https:\/\/hbg-koeln.de\/index.php?rest_route=\/wp\/v2\/posts\/9736","targetHints":{"allow":["GET"]}}],"collection":[{"href":"https:\/\/hbg-koeln.de\/index.php?rest_route=\/wp\/v2\/posts"}],"about":[{"href":"https:\/\/hbg-koeln.de\/index.php?rest_route=\/wp\/v2\/types\/post"}],"author":[{"embeddable":true,"href":"https:\/\/hbg-koeln.de\/index.php?rest_route=\/wp\/v2\/users\/11"}],"replies":[{"embeddable":true,"href":"https:\/\/hbg-koeln.de\/index.php?rest_route=%2Fwp%2Fv2%2Fcomments&post=9736"}],"version-history":[{"count":1,"href":"https:\/\/hbg-koeln.de\/index.php?rest_route=\/wp\/v2\/posts\/9736\/revisions"}],"predecessor-version":[{"id":9738,"href":"https:\/\/hbg-koeln.de\/index.php?rest_route=\/wp\/v2\/posts\/9736\/revisions\/9738"}],"wp:attachment":[{"href":"https:\/\/hbg-koeln.de\/index.php?rest_route=%2Fwp%2Fv2%2Fmedia&parent=9736"}],"wp:term":[{"taxonomy":"category","embeddable":true,"href":"https:\/\/hbg-koeln.de\/index.php?rest_route=%2Fwp%2Fv2%2Fcategories&post=9736"},{"taxonomy":"post_tag","embeddable":true,"href":"https:\/\/hbg-koeln.de\/index.php?rest_route=%2Fwp%2Fv2%2Ftags&post=9736"}],"curies":[{"name":"wp","href":"https:\/\/api.w.org\/{rel}","templated":true}]}}