{"id":9739,"date":"2023-06-14T20:06:31","date_gmt":"2023-06-14T19:06:31","guid":{"rendered":"https:\/\/hbg-koeln.de\/?p=9739"},"modified":"2023-06-14T20:06:31","modified_gmt":"2023-06-14T19:06:31","slug":"hbg-studiert-auf-jeden-fall","status":"publish","type":"post","link":"https:\/\/hbg-koeln.de\/?p=9739","title":{"rendered":"<b>HBG studiert? Auf jeden Fall!\u00a0<\/b>"},"content":{"rendered":"<p><span data-contrast=\"auto\"><a href=\"http:\/\/hbg-koeln.de\/wp-content\/uploads\/2023\/06\/HBGstudiert23.jpg\"><img loading=\"lazy\" decoding=\"async\" class=\"alignleft  wp-image-9740\" src=\"http:\/\/hbg-koeln.de\/wp-content\/uploads\/2023\/06\/HBGstudiert23-300x125.jpg\" alt=\"\" width=\"178\" height=\"74\" srcset=\"https:\/\/hbg-koeln.de\/wp-content\/uploads\/2023\/06\/HBGstudiert23-300x125.jpg 300w, https:\/\/hbg-koeln.de\/wp-content\/uploads\/2023\/06\/HBGstudiert23-1024x426.jpg 1024w, https:\/\/hbg-koeln.de\/wp-content\/uploads\/2023\/06\/HBGstudiert23-768x320.jpg 768w, https:\/\/hbg-koeln.de\/wp-content\/uploads\/2023\/06\/HBGstudiert23.jpg 1280w\" sizes=\"auto, (max-width: 178px) 100vw, 178px\" \/><\/a>An diesem sonnigen Mittwochmorgen wurde gelernt. Diesmal jedoch nicht an der HBG, sondern in der humanwissenschaftlichen Fakult\u00e4t der Universit\u00e4t zu K\u00f6ln.&nbsp;<\/span><span data-ccp-props=\"{&quot;201341983&quot;:0,&quot;335551550&quot;:6,&quot;335551620&quot;:6,&quot;335559739&quot;:160,&quot;335559740&quot;:259}\">&nbsp;<\/span><\/p>\n<p><span data-contrast=\"auto\">Die Sch\u00fcler*innen des EF-P\u00e4dagogik-Kurses nahmen heute am 14.06.2023 an einem Seminar zum Thema \u201eSpezifische P\u00e4dagogik und Didaktik in der schulischen Arbeit mit Kindern und Jugendlichen\u201c teil. Ziel war es, herauszuarbeiten, welche Ma\u00dfnahmen Schulen ergreifen sollten, um die Gemeinschaftsbildung zu f\u00f6rdern. Und wer k\u00f6nnte hier als bessere Expert*innengruppe fungieren, als ein P\u00e4dagogik-Kurs, der sich nicht nur inhaltlich im Bereich der Erziehung auskennt, sondern diese in der Schule jeden Tag erlebt?<\/span><span data-ccp-props=\"{&quot;201341983&quot;:0,&quot;335551550&quot;:6,&quot;335551620&quot;:6,&quot;335559739&quot;:160,&quot;335559740&quot;:259}\">&nbsp;<\/span><!--moreWeiterlesen!--><\/p>\n<p><span data-contrast=\"auto\">Auf Grundlage eines vorbereiteten Textes tauschten sich Sch\u00fcler*innen und Studierende untereinander und miteinander aus. Anschlie\u00dfend wurde ein Ansatz vorgestellt, der sich \u201eRestorative-Practice\u201c nennt. Ziel dessen ist es, dass eine Gemeinschaft geschaffen werden soll, in der sich alle Sch\u00fcler*innen willkommen, respektiert und gesehen f\u00fchlen. So sollen sie emotional auf das Lernen vorbereitet werden. Eine Idee, die im Umgang, der bei Sch\u00fcler*innen mit herausforderndem Verhalten besonders notwendig ist, aber auch f\u00fcr alle Sch\u00fcler*innen wichtig ist.<\/span><span data-ccp-props=\"{&quot;201341983&quot;:0,&quot;335551550&quot;:6,&quot;335551620&quot;:6,&quot;335559739&quot;:160,&quot;335559740&quot;:259}\">&nbsp;<\/span><\/p>\n<p><span data-contrast=\"auto\">Nach einer Diskussionsrunde entwickelten Sch\u00fcler*innen und Studierende in gemischten Gruppen eigene Ideen, wie gemeinschaftsbildende Ma\u00dfnahmen an der Schule nun konkret umzusetzen sind. Die Ergebnisse wurden auf Plakaten festgehalten.&nbsp;<\/span><span data-ccp-props=\"{&quot;201341983&quot;:0,&quot;335551550&quot;:6,&quot;335551620&quot;:6,&quot;335559739&quot;:160,&quot;335559740&quot;:259}\">&nbsp;<\/span><\/p>\n<p><span data-contrast=\"auto\">Nach 90 Minuten war das Seminar dann auch schon zu Ende. Wer wollte, wurde kurz durch die Uni gef\u00fchrt. Anschlie\u00dfend gingen alle, so wie sie gekommen waren: Bei strahlendem Sonnenschein.<\/span><span data-ccp-props=\"{&quot;201341983&quot;:0,&quot;335551550&quot;:6,&quot;335551620&quot;:6,&quot;335559739&quot;:160,&quot;335559740&quot;:259}\">&nbsp;<\/span><\/p>\n","protected":false},"excerpt":{"rendered":"<p>An diesem sonnigen Mittwochmorgen wurde gelernt. Diesmal jedoch nicht an der HBG, sondern in der humanwissenschaftlichen Fakult\u00e4t der Universit\u00e4t zu K\u00f6ln.&nbsp;&nbsp; Die Sch\u00fcler*innen des EF-P\u00e4dagogik-Kurses nahmen heute am 14.06.2023 an einem Seminar zum Thema \u201eSpezifische P\u00e4dagogik<a class=\"moretag\" href=\"https:\/\/hbg-koeln.de\/?p=9739\">Read More&#8230;<\/a><\/p>\n","protected":false},"author":11,"featured_media":0,"comment_status":"closed","ping_status":"open","sticky":false,"template":"","format":"standard","meta":{"ngg_post_thumbnail":0,"footnotes":""},"categories":[1],"tags":[],"class_list":["post-9739","post","type-post","status-publish","format-standard","hentry","category-allgemein"],"_links":{"self":[{"href":"https:\/\/hbg-koeln.de\/index.php?rest_route=\/wp\/v2\/posts\/9739","targetHints":{"allow":["GET"]}}],"collection":[{"href":"https:\/\/hbg-koeln.de\/index.php?rest_route=\/wp\/v2\/posts"}],"about":[{"href":"https:\/\/hbg-koeln.de\/index.php?rest_route=\/wp\/v2\/types\/post"}],"author":[{"embeddable":true,"href":"https:\/\/hbg-koeln.de\/index.php?rest_route=\/wp\/v2\/users\/11"}],"replies":[{"embeddable":true,"href":"https:\/\/hbg-koeln.de\/index.php?rest_route=%2Fwp%2Fv2%2Fcomments&post=9739"}],"version-history":[{"count":1,"href":"https:\/\/hbg-koeln.de\/index.php?rest_route=\/wp\/v2\/posts\/9739\/revisions"}],"predecessor-version":[{"id":9741,"href":"https:\/\/hbg-koeln.de\/index.php?rest_route=\/wp\/v2\/posts\/9739\/revisions\/9741"}],"wp:attachment":[{"href":"https:\/\/hbg-koeln.de\/index.php?rest_route=%2Fwp%2Fv2%2Fmedia&parent=9739"}],"wp:term":[{"taxonomy":"category","embeddable":true,"href":"https:\/\/hbg-koeln.de\/index.php?rest_route=%2Fwp%2Fv2%2Fcategories&post=9739"},{"taxonomy":"post_tag","embeddable":true,"href":"https:\/\/hbg-koeln.de\/index.php?rest_route=%2Fwp%2Fv2%2Ftags&post=9739"}],"curies":[{"name":"wp","href":"https:\/\/api.w.org\/{rel}","templated":true}]}}