{"id":9763,"date":"2023-06-19T20:25:06","date_gmt":"2023-06-19T19:25:06","guid":{"rendered":"https:\/\/hbg-koeln.de\/?p=9763"},"modified":"2023-06-19T20:26:45","modified_gmt":"2023-06-19T19:26:45","slug":"wir-entdecken-berlin-q1-schuelerinnen-reisen-in-die-hauptstadt","status":"publish","type":"post","link":"https:\/\/hbg-koeln.de\/?p=9763","title":{"rendered":"<b>\u201eWir entdecken Berlin\u201c \u2013 Q1-Sch\u00fcler*innen reisen in die Hauptstadt<\/b>"},"content":{"rendered":"<p><em>Ein Erfahrungsbericht von Luca H., Wiebke H., Roni M., Tamara M., Sunny S. und Yade T.<\/em><\/p>\n<p><u><a href=\"http:\/\/hbg-koeln.de\/wp-content\/uploads\/2023\/06\/Brandenburger-Tor_Berlinfahrt_Gruppenfoto.jpg\"><img loading=\"lazy\" decoding=\"async\" class=\"alignleft wp-image-9764\" src=\"http:\/\/hbg-koeln.de\/wp-content\/uploads\/2023\/06\/Brandenburger-Tor_Berlinfahrt_Gruppenfoto-300x225.jpg\" alt=\"\" width=\"136\" height=\"102\" srcset=\"https:\/\/hbg-koeln.de\/wp-content\/uploads\/2023\/06\/Brandenburger-Tor_Berlinfahrt_Gruppenfoto-300x225.jpg 300w, https:\/\/hbg-koeln.de\/wp-content\/uploads\/2023\/06\/Brandenburger-Tor_Berlinfahrt_Gruppenfoto-1024x768.jpg 1024w, https:\/\/hbg-koeln.de\/wp-content\/uploads\/2023\/06\/Brandenburger-Tor_Berlinfahrt_Gruppenfoto-768x576.jpg 768w, https:\/\/hbg-koeln.de\/wp-content\/uploads\/2023\/06\/Brandenburger-Tor_Berlinfahrt_Gruppenfoto-1536x1152.jpg 1536w, https:\/\/hbg-koeln.de\/wp-content\/uploads\/2023\/06\/Brandenburger-Tor_Berlinfahrt_Gruppenfoto.jpg 1600w\" sizes=\"auto, (max-width: 136px) 100vw, 136px\" \/><\/a>Vorab eine kleine Zusammenfassung:<\/u><\/p>\n<p>Die Leistungskurse Geschichte und Sozialwissenschaften der Q1 begeben sich auf einen dreit\u00e4gigen Ausflug in die deutsche Hauptstadt Berlin. Morgens in der Fr\u00fch startet der Trip nach Berlin, um reichlich Zeit f\u00fcr verschiedenste Aktivit\u00e4ten zu haben. Dazu geh\u00f6ren eine Busrundfahrt und ein Besuch eines italienischen Restaurants.<\/p>\n<p><!--moreWeiterlesen!--><\/p>\n<p>Am zweiten Tag des Abenteuers stellen sich die Leistungskurse den hei\u00dfen Debatten des Deutschen Bundestages und ergattern als verdiente Belohnung einen scharfen Abend in einem indischen Restaurant. Am letzten Tag folgt eine Besichtigung des Berliner Mahnmals f\u00fcr die im Nationalsozialismus ermordeten J\u00fcd*innen Europas mit anschlie\u00dfendem Museumsbesuch. Der Abschluss der Reise wurde deutlich nervenaufreibender als gedacht, weil ein Bahnausfall f\u00fcr Unannehmlichkeiten sorgte. Trotzdem endete der Ausflug mit einem Happy End.<\/p>\n<p><u>Tag 1:&nbsp;<\/u><\/p>\n<p>Erz\u00e4hlen wir vom Anfang. Um 6:15 Uhr trafen wir uns am K\u00f6lner Dom. Erfreulicherweise waren alle da. Um ungef\u00e4hr 12:00 Uhr kamen wir am Hauptbahnhof in der wundersch\u00f6nen Hauptstadt Berlin an und von da aus suchten wir unseren Weg in unsere Pension. Angekommen, teilten wir die Zimmer auf und brachten uns und unser Gep\u00e4ck in die tollen Zimmer. Wir hatten ein kleines Zeitfenster, um uns auszuruhen und umzuziehen. Um ca. 13:30 trafen wir uns dann alle vor der Pension, um unsere Reise ZU FU\u00df in die Stadt anzutreten, da wir eine Stadtrundfahrt gebucht hatten. Auf unserem FU\u00dfWEG betrieben wir ein bisschen Sightseeing und sahen uns die Umgebung an. Von da an war es wirklich sch\u00f6n und spannend und nach ca. 40 Minuten FU\u00dfWEG kamen wir am Kurf\u00fcrstendamm an, um unsere Bustour zu beginnen. Die Stadtrundfahrt war sehr informativ, spannend und spa\u00dfig, weil einfach alle Freude daran hatten, sich die Stadt anzusehen und sie kennenzulernen. Nach unserer Stadtrundfahrt stiegen wir aus, um zur\u00fcck in die Pension zu fahren und uns f\u00fcr das Abendessen fertig zu machen. Wir hatten ungef\u00e4hr eine Stunde Zeit und sahen danach alle toll f\u00fcrs Essen aus.<\/p>\n<p>Gegessen haben wir beim Italiener um die Ecke, welcher wirklich richtig lecker war. Zur Vorspeise gab es eine Spezialit\u00e4t des Hauses (traditionelle sardische Caponata). Zum Hauptgang bestellten wir uns unterschiedliche Gerichte, einige Pizza, einige Nudeln. Es war auf jeden Fall lecker! Nach unserem super Essen bekamen noch ein wenig Freizeit, bevor es dann zur\u00fcck in die Pension ging, um nat\u00fcrlich zu schlafen.<\/p>\n<p><u>Tag 2:<\/u><\/p>\n<p>Am fr\u00fchen Morgen brachen wir voller Vorfreude zum Bundestag auf. Wir trafen uns am Bahnhof und bestiegen den Zug, der uns direkt zum Bundestag bringen sollte. W\u00e4hrend der Bahnfahrt nutzten wir die Gelegenheit, um uns \u00fcber das politische Geschehen in Deutschland auszutauschen und unsere Erwartungen an den Tag zu besprechen.<\/p>\n<p>Nach der Ankunft am Bundestag wurden wir herzlich empfangen und zu einem separaten Bereich gef\u00fchrt. Dort hatten wir Zeit, um uns zu sammeln und auf den bevorstehenden Besuch einer Bundestagsdebatte vorzubereiten. Wir konnten die Architektur des beeindruckenden Geb\u00e4udes bewundern und uns \u00fcber die politische Bedeutung des Bundestags austauschen.<\/p>\n<p>Schlie\u00dflich war es soweit: Wir durften die Trib\u00fcne des Bundestags betreten und als Zuschauer an einer Debatte teilhaben. Auf der Trib\u00fcne sa\u00dfen wir oberhalb einer Vielzahl von bekannten Politikern, darunter auch Anna-Lena Baerbock und Phillip Amthor. Wir waren beeindruckt von der Atmosph\u00e4re und der M\u00f6glichkeit, politische Entscheidungen hautnah mitzuerleben.<\/p>\n<p>W\u00e4hrend der einst\u00fcndigen Sitzung im Bundestag wurden verschiedene Themen zum Aspekt \u201eNationale Sicherheit\u201c diskutiert und bekannte Politiker hielten Reden.<\/p>\n<p>Nach dem Besuch im Plenarsaal des Bundestags war es Zeit, die ber\u00fchmte Kuppel des Geb\u00e4udes zu erkunden. Wir bestiegen die gl\u00e4serne Kuppel, die einen atemberaubenden Blick auf Berlin bot. Von dort aus konnten wir die Stadt in ihrer ganzen Pracht bewundern und unsere Eindr\u00fccke festhalten. Wir nutzten die Gelegenheit, um gemeinsam Gruppenfotos zu machen, um diesen besonderen Tag festzuhalten. Mit vielen neuen Eindr\u00fccken verlie\u00dfen wir den Bundestag und begaben uns zum n\u00e4chsten Ziel: dem Brandenburger Tor. Dort angekommen, bewunderten wir das historische Wahrzeichen Berlins und die umliegende Architektur. Wir genossen die Atmosph\u00e4re und nutzten die Gelegenheit, um weitere Erinnerungsfotos zu machen.<\/p>\n<p>Mit dem Besuch des Brandenburger Tors endeten die gemeinsamen Aktivit\u00e4ten am zweiten Tag fast. Den Nachmittag verbrachten wir mit unterschiedlichen Aktivit\u00e4ten in Kleingruppen und kehrten anschlie\u00dfend mit vielen neuen Eindr\u00fccken und Erkenntnissen im Gep\u00e4ck ins Hotel zur\u00fcck. Der Tag hat uns nicht nur einen tieferen Einblick in die politische Welt Deutschlands gegeben, sondern auch eine unvergessliche Erfahrung und Erinnerungen geschaffen, die uns noch lange begleiten werden. Am Abend nutzen wir noch die Gelegenheit, um gemeinsam ein Abendessen in einem indischen Restaurant zu genie\u00dfen und den Tag ausklingen zu lassen.<\/p>\n<p><u>Tag 3:<\/u><\/p>\n<p>Nach einer wundervollen Nacht (in der wir nat\u00fcrlich alle geschlafen haben), ging es dann auch schon los, indem wir bereits um 8 Uhr aus dem Bett gelotst wurden (Gr\u00fc\u00dfe an unsere Zimmernachbarin Frau Hilsmann). Nachdem wir schlie\u00dflich unser Fr\u00fchst\u00fcck beendet hatten, mussten wir leider bereits unsere gem\u00fctlichen Zimmer leer r\u00e4umen. Das Gep\u00e4ck konnten wir zum Gl\u00fcck im Hotel zwischenlagern.<\/p>\n<p>Daraufhin machten wir uns auf den Weg zum Denkmal f\u00fcr die ermordeten Juden Europas und den darunter gelegenen Ort der Information. Nachdem wir dementsprechend einige Zeit dort verbracht hatten (und auch einige Tr\u00e4nen vergossen wurden), machten wir uns dann auch schon gestresst auf den R\u00fcckweg zum Hotel, um die Koffer abzuholen \u2013 nicht zu vergessen war dabei der wunderbare st\u00fcrmende Regen.<\/p>\n<p>Auf dem Weg zum Bahnhof verbrachten wir alle eine lustige gemeinsame Zeit mit den wohl besten Lehrerinnen der HBG und kauften uns noch einige Snacks f\u00fcr die Fahrt \u2014 nichtsahnend, was noch geschehen werden sollte. Die Freude auf unsere geliebte Stadt K\u00f6ln war gro\u00df und jede*r von uns hatte sich bereits auf das eigene warme und kuschelige Bett gefreut \u2014 aber dazu sollte es noch nicht kommen. Wie sich sp\u00e4ter herausstellte, war der Besuch des Museums nicht der H\u00f6hepunkt des Tages. Als wir n\u00e4mlich noch unwissend auf unseren Flix-Train warteten, der bereits 7 Minuten zu sp\u00e4t war, erfuhren wir durch eine Durchsage, dass dieser ausf\u00e4llt. Ganz genau: 7 Minuten nach seiner urspr\u00fcnglichen Ankunft! Mir, als Autorin des Berichts \u00fcber den letzten Tag der Reise, fehlen die Worte, um die geschockten Gesichter meiner Mitsch\u00fcler*innen und unserer Lehrerinnen zu beschreiben\u2026 allen blieb der Mund offen stehen. Am Bahnsteig herrschte fortan absolute Verwirrung zwischen denjenigen, die gestresst nach einer Alternative suchten, und denjenigen, die sich \u00fcber erstere lustig machten (mich eingeschlossen). Als Frau Spangenberg und Frau Hilsmann, wie die Retterinnen in der Not einen Ausweg gefunden haben und wie Weltmeister im Berliner Hauptbahnhof umherliefen, um erfolgreich Pl\u00e4tze im ICE zu sichern, liefen wir ihnen wie ein kleiner Entenschwarm gestresst hinterher und waren daraufhin \u00e4u\u00dferst erleichtert, da wir wieder einen Plan hatten.<\/p>\n<p>Leider mussten wir noch fast 3 Stunden am Bahnhof verbringen. Aber auch diese gingen durch die wundervolle Zeit, die wir miteinander verbracht haben, rasch vorbei und wir fanden uns allesamt wieder am bereits bekannten Bahngleis 7 zusammen. Erleichtert stiegen wir in den ICE und konnten mit Vorfreude den n\u00e4chsten 7 Stunden entgegenblicken, in denen dieser Artikel zustande gekommen ist. M\u00fcde kamen wir nachts in K\u00f6ln an, vereint in unseren Erinnerungen an eine wundervolle Zeit in Berlin, auf die wir alle nur positiv zur\u00fcckblicken k\u00f6nnen.<\/p>\n<p>Wir bedanken uns herzlich bei Frau Hilsmann und Frau Spangenberg, die mit uns diese Berlin-Fahrt geplant und durchgef\u00fchrt haben und nat\u00fcrlich auch beim F\u00f6rderverein, der uns diese Reise durch einen gro\u00dfz\u00fcgigen Zuschuss \u00fcberhaupt erst erm\u00f6glicht hat! Sch\u00f6n war es!<\/p>\n<p><a href=\"http:\/\/hbg-koeln.de\/wp-content\/uploads\/2023\/06\/Bundestagsbesuch_Berlinfahrt_Gruppenfoto.jpg\"><img loading=\"lazy\" decoding=\"async\" class=\"alignleft size-medium wp-image-9767\" src=\"http:\/\/hbg-koeln.de\/wp-content\/uploads\/2023\/06\/Bundestagsbesuch_Berlinfahrt_Gruppenfoto-300x225.jpg\" alt=\"\" width=\"300\" height=\"225\" srcset=\"https:\/\/hbg-koeln.de\/wp-content\/uploads\/2023\/06\/Bundestagsbesuch_Berlinfahrt_Gruppenfoto-300x225.jpg 300w, https:\/\/hbg-koeln.de\/wp-content\/uploads\/2023\/06\/Bundestagsbesuch_Berlinfahrt_Gruppenfoto-1024x768.jpg 1024w, https:\/\/hbg-koeln.de\/wp-content\/uploads\/2023\/06\/Bundestagsbesuch_Berlinfahrt_Gruppenfoto-768x576.jpg 768w, https:\/\/hbg-koeln.de\/wp-content\/uploads\/2023\/06\/Bundestagsbesuch_Berlinfahrt_Gruppenfoto-1536x1152.jpg 1536w, https:\/\/hbg-koeln.de\/wp-content\/uploads\/2023\/06\/Bundestagsbesuch_Berlinfahrt_Gruppenfoto.jpg 2048w\" sizes=\"auto, (max-width: 300px) 100vw, 300px\" \/><\/a><\/p>\n","protected":false},"excerpt":{"rendered":"<p>Ein Erfahrungsbericht von Luca H., Wiebke H., Roni M., Tamara M., Sunny S. und Yade T. Vorab eine kleine Zusammenfassung: Die Leistungskurse Geschichte und Sozialwissenschaften der Q1 begeben sich auf einen dreit\u00e4gigen Ausflug in die deutsche<a class=\"moretag\" href=\"https:\/\/hbg-koeln.de\/?p=9763\">Read More&#8230;<\/a><\/p>\n","protected":false},"author":11,"featured_media":0,"comment_status":"closed","ping_status":"open","sticky":false,"template":"","format":"standard","meta":{"ngg_post_thumbnail":0,"footnotes":""},"categories":[1],"tags":[],"class_list":["post-9763","post","type-post","status-publish","format-standard","hentry","category-allgemein"],"_links":{"self":[{"href":"https:\/\/hbg-koeln.de\/index.php?rest_route=\/wp\/v2\/posts\/9763","targetHints":{"allow":["GET"]}}],"collection":[{"href":"https:\/\/hbg-koeln.de\/index.php?rest_route=\/wp\/v2\/posts"}],"about":[{"href":"https:\/\/hbg-koeln.de\/index.php?rest_route=\/wp\/v2\/types\/post"}],"author":[{"embeddable":true,"href":"https:\/\/hbg-koeln.de\/index.php?rest_route=\/wp\/v2\/users\/11"}],"replies":[{"embeddable":true,"href":"https:\/\/hbg-koeln.de\/index.php?rest_route=%2Fwp%2Fv2%2Fcomments&post=9763"}],"version-history":[{"count":2,"href":"https:\/\/hbg-koeln.de\/index.php?rest_route=\/wp\/v2\/posts\/9763\/revisions"}],"predecessor-version":[{"id":9768,"href":"https:\/\/hbg-koeln.de\/index.php?rest_route=\/wp\/v2\/posts\/9763\/revisions\/9768"}],"wp:attachment":[{"href":"https:\/\/hbg-koeln.de\/index.php?rest_route=%2Fwp%2Fv2%2Fmedia&parent=9763"}],"wp:term":[{"taxonomy":"category","embeddable":true,"href":"https:\/\/hbg-koeln.de\/index.php?rest_route=%2Fwp%2Fv2%2Fcategories&post=9763"},{"taxonomy":"post_tag","embeddable":true,"href":"https:\/\/hbg-koeln.de\/index.php?rest_route=%2Fwp%2Fv2%2Ftags&post=9763"}],"curies":[{"name":"wp","href":"https:\/\/api.w.org\/{rel}","templated":true}]}}