{"id":9791,"date":"2023-07-26T19:08:07","date_gmt":"2023-07-26T18:08:07","guid":{"rendered":"https:\/\/hbg-koeln.de\/?p=9791"},"modified":"2023-07-29T06:42:08","modified_gmt":"2023-07-29T05:42:08","slug":"information-zum-schulstart-der-kommenden-ef","status":"publish","type":"post","link":"https:\/\/hbg-koeln.de\/?p=9791","title":{"rendered":"<b>Information zum Schulstart der kommenden EF<\/b>"},"content":{"rendered":"<p><i>Liebe Sch\u00fcler*innen,<\/i><\/p>\n<p><i>wir starten nach den Ferien am Montag, den 7. August, um 9 Uhr in die Einf\u00fchrungsphase. Treffpunkt ist das p\u00e4dagogische Zentrum (durch den Haupteingang im roten Bereich gehen und dann direkt links).<span class=\"Apple-converted-space\">&nbsp;<\/span><\/i><\/p>\n<p><i>Bitte bringt 15 Euro in bar (Geld f\u00fcr den Schulplaner, Kopierkosten, etc&#8230;) und ein M\u00e4ppchen sowie einen Schreibblock mit.<\/i><\/p>\n<p><i>Wir w\u00fcnschen Euch noch sch\u00f6ne Ferien! Wir freuen uns auf Euch!<\/i><\/p>\n<p><i>Thomas Schulz (Oberstufenleitung)<\/i><\/p>\n<p><i>Marita Mandt und Benjamin Aragosa (Stufenleitung EF)<\/i><\/p>\n","protected":false},"excerpt":{"rendered":"<p>Liebe Sch\u00fcler*innen, wir starten nach den Ferien am Montag, den 7. August, um 9 Uhr in die Einf\u00fchrungsphase. Treffpunkt ist das p\u00e4dagogische Zentrum (durch den Haupteingang im roten Bereich gehen und dann direkt links).&nbsp; Bitte bringt<a class=\"moretag\" href=\"https:\/\/hbg-koeln.de\/?p=9791\">Read More&#8230;<\/a><\/p>\n","protected":false},"author":1,"featured_media":0,"comment_status":"closed","ping_status":"open","sticky":false,"template":"","format":"standard","meta":{"ngg_post_thumbnail":0,"footnotes":""},"categories":[1],"tags":[],"class_list":["post-9791","post","type-post","status-publish","format-standard","hentry","category-allgemein"],"_links":{"self":[{"href":"https:\/\/hbg-koeln.de\/index.php?rest_route=\/wp\/v2\/posts\/9791","targetHints":{"allow":["GET"]}}],"collection":[{"href":"https:\/\/hbg-koeln.de\/index.php?rest_route=\/wp\/v2\/posts"}],"about":[{"href":"https:\/\/hbg-koeln.de\/index.php?rest_route=\/wp\/v2\/types\/post"}],"author":[{"embeddable":true,"href":"https:\/\/hbg-koeln.de\/index.php?rest_route=\/wp\/v2\/users\/1"}],"replies":[{"embeddable":true,"href":"https:\/\/hbg-koeln.de\/index.php?rest_route=%2Fwp%2Fv2%2Fcomments&post=9791"}],"version-history":[{"count":3,"href":"https:\/\/hbg-koeln.de\/index.php?rest_route=\/wp\/v2\/posts\/9791\/revisions"}],"predecessor-version":[{"id":9794,"href":"https:\/\/hbg-koeln.de\/index.php?rest_route=\/wp\/v2\/posts\/9791\/revisions\/9794"}],"wp:attachment":[{"href":"https:\/\/hbg-koeln.de\/index.php?rest_route=%2Fwp%2Fv2%2Fmedia&parent=9791"}],"wp:term":[{"taxonomy":"category","embeddable":true,"href":"https:\/\/hbg-koeln.de\/index.php?rest_route=%2Fwp%2Fv2%2Fcategories&post=9791"},{"taxonomy":"post_tag","embeddable":true,"href":"https:\/\/hbg-koeln.de\/index.php?rest_route=%2Fwp%2Fv2%2Ftags&post=9791"}],"curies":[{"name":"wp","href":"https:\/\/api.w.org\/{rel}","templated":true}]}}