{"id":9851,"date":"2023-08-26T14:27:17","date_gmt":"2023-08-26T13:27:17","guid":{"rendered":"https:\/\/hbg-koeln.de\/?p=9851"},"modified":"2023-08-26T14:27:17","modified_gmt":"2023-08-26T13:27:17","slug":"neues-dach-fuer-die-sporthalle-der-baukran-wurde-aufgebaut","status":"publish","type":"post","link":"https:\/\/hbg-koeln.de\/?p=9851","title":{"rendered":"<b>Neues Dach f\u00fcr die Sporthalle &#8211; der Baukran wurde aufgebaut<\/b>"},"content":{"rendered":"<p>Liebe Schulgemeinde,<br \/>\nwir freuen uns, dass wir Fortschritte im Hinblick auf die \u00dcberdachung des Sporthallendachs melden d\u00fcrfen: der Kran steht!<br \/>\nViele Gr\u00fc\u00dfe<br \/>\nUta Goossens und Rolf Grisard<br \/>\n<img loading=\"lazy\" decoding=\"async\" class=\"alignnone  wp-image-9850\" src=\"http:\/\/hbg-koeln.de\/wp-content\/uploads\/2023\/08\/23-08-28-Sporthalle-mit-Kra-300x169.jpg\" alt=\"\" width=\"509\" height=\"287\" srcset=\"https:\/\/hbg-koeln.de\/wp-content\/uploads\/2023\/08\/23-08-28-Sporthalle-mit-Kra-300x169.jpg 300w, https:\/\/hbg-koeln.de\/wp-content\/uploads\/2023\/08\/23-08-28-Sporthalle-mit-Kra-1024x576.jpg 1024w, https:\/\/hbg-koeln.de\/wp-content\/uploads\/2023\/08\/23-08-28-Sporthalle-mit-Kra-768x432.jpg 768w, https:\/\/hbg-koeln.de\/wp-content\/uploads\/2023\/08\/23-08-28-Sporthalle-mit-Kra.jpg 1181w\" sizes=\"auto, (max-width: 509px) 100vw, 509px\" \/><\/p>\n","protected":false},"excerpt":{"rendered":"<p>Liebe Schulgemeinde, wir freuen uns, dass wir Fortschritte im Hinblick auf die \u00dcberdachung des Sporthallendachs melden d\u00fcrfen: der Kran steht! Viele Gr\u00fc\u00dfe Uta Goossens und Rolf Grisard<\/p>\n","protected":false},"author":9,"featured_media":0,"comment_status":"closed","ping_status":"open","sticky":false,"template":"","format":"standard","meta":{"ngg_post_thumbnail":0,"footnotes":""},"categories":[1],"tags":[],"class_list":["post-9851","post","type-post","status-publish","format-standard","hentry","category-allgemein"],"_links":{"self":[{"href":"https:\/\/hbg-koeln.de\/index.php?rest_route=\/wp\/v2\/posts\/9851","targetHints":{"allow":["GET"]}}],"collection":[{"href":"https:\/\/hbg-koeln.de\/index.php?rest_route=\/wp\/v2\/posts"}],"about":[{"href":"https:\/\/hbg-koeln.de\/index.php?rest_route=\/wp\/v2\/types\/post"}],"author":[{"embeddable":true,"href":"https:\/\/hbg-koeln.de\/index.php?rest_route=\/wp\/v2\/users\/9"}],"replies":[{"embeddable":true,"href":"https:\/\/hbg-koeln.de\/index.php?rest_route=%2Fwp%2Fv2%2Fcomments&post=9851"}],"version-history":[{"count":1,"href":"https:\/\/hbg-koeln.de\/index.php?rest_route=\/wp\/v2\/posts\/9851\/revisions"}],"predecessor-version":[{"id":9852,"href":"https:\/\/hbg-koeln.de\/index.php?rest_route=\/wp\/v2\/posts\/9851\/revisions\/9852"}],"wp:attachment":[{"href":"https:\/\/hbg-koeln.de\/index.php?rest_route=%2Fwp%2Fv2%2Fmedia&parent=9851"}],"wp:term":[{"taxonomy":"category","embeddable":true,"href":"https:\/\/hbg-koeln.de\/index.php?rest_route=%2Fwp%2Fv2%2Fcategories&post=9851"},{"taxonomy":"post_tag","embeddable":true,"href":"https:\/\/hbg-koeln.de\/index.php?rest_route=%2Fwp%2Fv2%2Ftags&post=9851"}],"curies":[{"name":"wp","href":"https:\/\/api.w.org\/{rel}","templated":true}]}}