{"id":9858,"date":"2023-09-06T10:57:41","date_gmt":"2023-09-06T09:57:41","guid":{"rendered":"https:\/\/hbg-koeln.de\/?p=9858"},"modified":"2023-09-06T10:57:41","modified_gmt":"2023-09-06T09:57:41","slug":"hitzefrei-am-mi-6-9-und-am-do-7-9-ab-1332-uhr-nur-fuer-die-sek-i","status":"publish","type":"post","link":"https:\/\/hbg-koeln.de\/?p=9858","title":{"rendered":"<b>Hitzefrei am Mi, 6.9. und am Do, 7.9. ab 13:32 Uhr &#8211; nur f\u00fcr die Sek I<\/b>"},"content":{"rendered":"<p>Liebe Sch\u00fclerinnen und Sch\u00fcler,<br \/>\nes gibt f\u00fcr die Sek I Hitzefrei am Mi und Do nach der 4. Stunde. Die Sek II hat Unterricht nach Plan (Schulgesetz).<br \/>\nF\u00fcr die Mittagspause gilt:<br \/>\nDie Aufsichten in der Mensa bleiben besetzt, denn die Sch\u00fclerinnen und Sch\u00fcler k\u00f6nnen ihr bestelltes Essen zu sich nehmen.<br \/>\nSch\u00fclerinnen und Sch\u00fcler des 5. und 6. Jahrgangs, die in der Mittagspause betreut werden m\u00fcssen, treffen sich nach der 4. Stunde (ab 13:35 Uhr) vor der Bibliothek.<br \/>\nF\u00fcr die 6. Stunde (ab 14:35 Uhr) gilt:<br \/>\nSch\u00fclerinnen und Sch\u00fcler des 5. und 6. Jahrgangs, die betreut werden m\u00fcssen, treffen sich um 14:35 Uhr vor der Bibliothek.<br \/>\nViele Gr\u00fc\u00dfe &#8211; Rolf Grisard (Schulleiter)<\/p>\n","protected":false},"excerpt":{"rendered":"<p>Liebe Sch\u00fclerinnen und Sch\u00fcler, es gibt f\u00fcr die Sek I Hitzefrei am Mi und Do nach der 4. Stunde. Die Sek II hat Unterricht nach Plan (Schulgesetz). F\u00fcr die Mittagspause gilt: Die Aufsichten in der Mensa<a class=\"moretag\" href=\"https:\/\/hbg-koeln.de\/?p=9858\">Read More&#8230;<\/a><\/p>\n","protected":false},"author":9,"featured_media":0,"comment_status":"closed","ping_status":"open","sticky":false,"template":"","format":"standard","meta":{"ngg_post_thumbnail":0,"footnotes":""},"categories":[1],"tags":[],"class_list":["post-9858","post","type-post","status-publish","format-standard","hentry","category-allgemein"],"_links":{"self":[{"href":"https:\/\/hbg-koeln.de\/index.php?rest_route=\/wp\/v2\/posts\/9858","targetHints":{"allow":["GET"]}}],"collection":[{"href":"https:\/\/hbg-koeln.de\/index.php?rest_route=\/wp\/v2\/posts"}],"about":[{"href":"https:\/\/hbg-koeln.de\/index.php?rest_route=\/wp\/v2\/types\/post"}],"author":[{"embeddable":true,"href":"https:\/\/hbg-koeln.de\/index.php?rest_route=\/wp\/v2\/users\/9"}],"replies":[{"embeddable":true,"href":"https:\/\/hbg-koeln.de\/index.php?rest_route=%2Fwp%2Fv2%2Fcomments&post=9858"}],"version-history":[{"count":1,"href":"https:\/\/hbg-koeln.de\/index.php?rest_route=\/wp\/v2\/posts\/9858\/revisions"}],"predecessor-version":[{"id":9859,"href":"https:\/\/hbg-koeln.de\/index.php?rest_route=\/wp\/v2\/posts\/9858\/revisions\/9859"}],"wp:attachment":[{"href":"https:\/\/hbg-koeln.de\/index.php?rest_route=%2Fwp%2Fv2%2Fmedia&parent=9858"}],"wp:term":[{"taxonomy":"category","embeddable":true,"href":"https:\/\/hbg-koeln.de\/index.php?rest_route=%2Fwp%2Fv2%2Fcategories&post=9858"},{"taxonomy":"post_tag","embeddable":true,"href":"https:\/\/hbg-koeln.de\/index.php?rest_route=%2Fwp%2Fv2%2Ftags&post=9858"}],"curies":[{"name":"wp","href":"https:\/\/api.w.org\/{rel}","templated":true}]}}