{"id":9995,"date":"2023-11-26T11:45:32","date_gmt":"2023-11-26T10:45:32","guid":{"rendered":"https:\/\/hbg-koeln.de\/?p=9995"},"modified":"2023-11-26T11:45:32","modified_gmt":"2023-11-26T10:45:32","slug":"abschlussklassenfahrt-der-klasse-10-4-nach-italien-rom","status":"publish","type":"post","link":"https:\/\/hbg-koeln.de\/?p=9995","title":{"rendered":"<b>Abschlussklassenfahrt der Klasse 10.4. nach Italien\/Rom<\/b>"},"content":{"rendered":"<p><em><a href=\"http:\/\/hbg-koeln.de\/wp-content\/uploads\/2023\/11\/IMG_1814.jpg\"><img loading=\"lazy\" decoding=\"async\" class=\"alignleft  wp-image-9996\" src=\"http:\/\/hbg-koeln.de\/wp-content\/uploads\/2023\/11\/IMG_1814-300x232.jpg\" alt=\"\" width=\"208\" height=\"161\" srcset=\"https:\/\/hbg-koeln.de\/wp-content\/uploads\/2023\/11\/IMG_1814-300x232.jpg 300w, https:\/\/hbg-koeln.de\/wp-content\/uploads\/2023\/11\/IMG_1814-1024x792.jpg 1024w, https:\/\/hbg-koeln.de\/wp-content\/uploads\/2023\/11\/IMG_1814-768x594.jpg 768w, https:\/\/hbg-koeln.de\/wp-content\/uploads\/2023\/11\/IMG_1814.jpg 1436w\" sizes=\"auto, (max-width: 208px) 100vw, 208px\" \/><\/a>Ein Bericht von Elmedina Dani und Mila Dahms<\/em><\/p>\n<p>(24.09.23-28.09.23)<\/p>\n<p>Am Sonntagnachmittag trafen wir uns in K\u00f6ln-Bonn am Flughafen. Nachdem alle anwesend waren gaben wir unsere Koffer ab und warteten auf den Start des Flugzeuges, was um 18:30 abflog. Wir alle waren sehr aufgeregt und freuten uns schon auf die 4 Tage in Italien. Der Flug dauerte 2 Stunden. Als wir nun in Rom angekommen waren holten wir unsere Koffer ab und warteten auf den Shuttlebus, der uns zur Unterkunft brachte. <!--moreWeiterlesen-->Angekommen bei den Unterk\u00fcnften wurden wir unseren Bungalows zugeteilt und genossen noch den restlichen Abend gemeinsam. Am n\u00e4chsten Morgen mussten wir fr\u00fch aufstehen und losgehen, da unsere Stadtf\u00fchrung schon um 10 Uhr morgens begann. Als unsere Stadtf\u00fchrerin ankam ging es auch schon los. Wir gingen nach der Stadtf\u00fchrung in das Pantheon, haben uns den Trevi Brunnen angesehen, sahen uns die Spanische Treppe an und noch vieles mehr. Nachdem wir uns gemeinsam das Pantheon, eine Kirche, angeschaut haben, hatten wir Freizeit und durften uns in der Stadt selbst\u00e4ndig bewegen. Gegen Abend wurde sind wir mit Bus und Bahn zur\u00fcck zu den Unterk\u00fcnften gefahren und genossen den wundersch\u00f6nen Abend auf der Terrasse und spielten zusammen Karten, Wahrheit oder Pflicht und unterhielten uns dann viel. Auch gingen wir abends gerne raus und spazierten den Weg zum kleinen Einkaufsladen. Am Tag darauf fuhren wir ins Ostia Antica, eine gut erhaltene Ruinen-Stadt aus der Antike und machten dort einen ruhigen und entspannten Rundgang. Infolgedessen gingen wir gemeinsam mit unserer Teamklasse, die ebenfalls ihre Abschlussklassenfahrt in Rom machte, ins Restaurant. Anschlie\u00dfend sind wir zum Strand gegangen, wo wir dann Volleyball gespielt, Eis gegessen und uns das Meer angeschaut haben. Am sp\u00e4ten Abend fuhren wir dann zur\u00fcck zu unserer Unterkunft, wo wir dann den restlichen Tag noch in Ruhe genossen haben. Am letzten Tag hatten wir eine Hop-on-hop-off Tour in einem Doppeldeckerbus in Rom. Dort sahen wir verschieden Sehensw\u00fcrdigkeiten Roms und erhielten Informationen dar\u00fcber. Kurz vor Ende dieser Tour waren alle so m\u00fcde, dass wir alle im Bus eingeschlafen sind. Nach der Tour durften wir uns wieder in der Stadt selbstst\u00e4ndig frei bewegen. Einige Mitsch\u00fcler*innen gingen jedoch mit unseren Klassenlehrerinnen zum Petersdom und in den Botanischen Garten. Anschlie\u00dfend gingen wir nochmals als Klasse in eine Pizzeria im gem\u00fctlichen Stadtteil Trastevere. Danach fuhren wir wieder zur\u00fcck zur Unterkunft. Den letzten sch\u00f6nen Abend haben viele genutzt, um den Bungalow sauber aufzur\u00e4umen, andere dagegen genossen diesen sch\u00f6nen Abend in Ruhe auf der Terrasse und redeten dar\u00fcber, wie sch\u00f6n und lustig unsere Klassenfahrt war. Fr\u00fch morgens begannen alle ihre Koffer zu packen und die Bungalows anst\u00e4ndig sauber zu machen. Sp\u00e4ter sind wir dann mit einem Shuttlebus wieder zur\u00fcck zum Flughafen gefahren, haben unsere Koffer genommen und verabschiedeten uns von Italien. Diese Klassenfahrt war die sch\u00f6nste aller Klassenfahrten, die wir hatten. Alle hatten viel Spa\u00df und es war sehr aufregend und lustig gemeinsam als Klasse.<\/p>\n<p>&nbsp;<\/p>\n<p>&nbsp;<\/p>\n","protected":false},"excerpt":{"rendered":"<p>Ein Bericht von Elmedina Dani und Mila Dahms (24.09.23-28.09.23) Am Sonntagnachmittag trafen wir uns in K\u00f6ln-Bonn am Flughafen. Nachdem alle anwesend waren gaben wir unsere Koffer ab und warteten auf den Start des Flugzeuges, was um<a class=\"moretag\" href=\"https:\/\/hbg-koeln.de\/?p=9995\">Read More&#8230;<\/a><\/p>\n","protected":false},"author":11,"featured_media":0,"comment_status":"closed","ping_status":"open","sticky":false,"template":"","format":"standard","meta":{"ngg_post_thumbnail":0,"footnotes":""},"categories":[1],"tags":[],"class_list":["post-9995","post","type-post","status-publish","format-standard","hentry","category-allgemein"],"_links":{"self":[{"href":"https:\/\/hbg-koeln.de\/index.php?rest_route=\/wp\/v2\/posts\/9995","targetHints":{"allow":["GET"]}}],"collection":[{"href":"https:\/\/hbg-koeln.de\/index.php?rest_route=\/wp\/v2\/posts"}],"about":[{"href":"https:\/\/hbg-koeln.de\/index.php?rest_route=\/wp\/v2\/types\/post"}],"author":[{"embeddable":true,"href":"https:\/\/hbg-koeln.de\/index.php?rest_route=\/wp\/v2\/users\/11"}],"replies":[{"embeddable":true,"href":"https:\/\/hbg-koeln.de\/index.php?rest_route=%2Fwp%2Fv2%2Fcomments&post=9995"}],"version-history":[{"count":1,"href":"https:\/\/hbg-koeln.de\/index.php?rest_route=\/wp\/v2\/posts\/9995\/revisions"}],"predecessor-version":[{"id":9997,"href":"https:\/\/hbg-koeln.de\/index.php?rest_route=\/wp\/v2\/posts\/9995\/revisions\/9997"}],"wp:attachment":[{"href":"https:\/\/hbg-koeln.de\/index.php?rest_route=%2Fwp%2Fv2%2Fmedia&parent=9995"}],"wp:term":[{"taxonomy":"category","embeddable":true,"href":"https:\/\/hbg-koeln.de\/index.php?rest_route=%2Fwp%2Fv2%2Fcategories&post=9995"},{"taxonomy":"post_tag","embeddable":true,"href":"https:\/\/hbg-koeln.de\/index.php?rest_route=%2Fwp%2Fv2%2Ftags&post=9995"}],"curies":[{"name":"wp","href":"https:\/\/api.w.org\/{rel}","templated":true}]}}